{"id":93590,"date":"2015-05-15T10:56:38","date_gmt":"2015-05-15T13:56:38","guid":{"rendered":"http:\/\/www.r2cpress.com.br\/v1\/?p=93590"},"modified":"2015-05-15T10:56:38","modified_gmt":"2015-05-15T13:56:38","slug":"formacao-de-comissarios-de-voo-se-consolida-em-ilheus","status":"publish","type":"post","link":"https:\/\/www.r2cpress.com.br\/v1\/2015\/05\/15\/formacao-de-comissarios-de-voo-se-consolida-em-ilheus\/","title":{"rendered":"Forma\u00e7\u00e3o de Comiss\u00e1rios de Voo se consolida em Ilh\u00e9us"},"content":{"rendered":"<p><div id=\"attachment_93591\" style=\"width: 560px\" class=\"wp-caption aligncenter\"><a href=\"http:\/\/www.r2cpress.com.br\/v1\/wp-content\/uploads\/2015\/05\/COMISS\u00c3RIAS-DE-VOO.jpg\"><img aria-describedby=\"caption-attachment-93591\" loading=\"lazy\" src=\"http:\/\/www.r2cpress.com.br\/v1\/wp-content\/uploads\/2015\/05\/COMISS\u00c3RIAS-DE-VOO.jpg\" alt=\"ILH\u00c9US\" width=\"550\" height=\"410\" class=\"size-full wp-image-93591\" srcset=\"https:\/\/www.r2cpress.com.br\/v1\/wp-content\/uploads\/2015\/05\/COMISS\u00c3RIAS-DE-VOO.jpg 550w, https:\/\/www.r2cpress.com.br\/v1\/wp-content\/uploads\/2015\/05\/COMISS\u00c3RIAS-DE-VOO-300x223.jpg 300w\" sizes=\"(max-width: 550px) 100vw, 550px\" \/><\/a><p id=\"caption-attachment-93591\" class=\"wp-caption-text\">ILH\u00c9US<\/p><\/div><br \/>\nCom a segunda turma conclu\u00edda em menos de um ano desde que foi implantado o curso de Comiss\u00e1rio de Voo, o Aeroclube de Ilh\u00e9us (ACIL) comemora a consolida\u00e7\u00e3o dessa forma\u00e7\u00e3o no rol de cursos profissionalizantes na regi\u00e3o. O total de 44 jovens que conclu\u00edram o curso &#8211; vindos de cidades como Itabuna, Itapetinga, Una, Camac\u00e3 e Vit\u00f3ria da Conquista &#8211; hoje celebra a possibilidade de trabalhar fazendo parte da tripula\u00e7\u00e3o de uma aeronave. A terceira turma j\u00e1 recebe matr\u00edculas, com in\u00edcio das aulas previsto para o dia 23 de maio. \u00c9, certamente, mais uma op\u00e7\u00e3o de carreira oferecida na regi\u00e3o, al\u00e9m da acad\u00eamica e dos cursos t\u00e9cnicos.<\/p>\n<p>O curso de Curso de Comiss\u00e1rio de Voo acontece aos s\u00e1bados e domingos, e oferece, em tr\u00eas meses de estudos te\u00f3ricos e pr\u00e1ticos, todo o conhecimento necess\u00e1rio para a realiza\u00e7\u00e3o da prova obrigat\u00f3ria da Ag\u00eancia Nacional de Avia\u00e7\u00e3o Civil (ANAC). At\u00e9 o momento, 15 alunos foram aprovados neste exame &#8211; ou seja, 100% dos que j\u00e1 se submeteram \u00e0 prova &#8211; e, finalmente, tornam-se aptos a concorrer a uma vaga de trabalho  nas principais companhias a\u00e9reas do pa\u00eds.<\/p>\n<p>O aluno S\u00e9rgio Santos conta que um dia, em um voo, se encantou com o atendimento de uma comiss\u00e1ria e viu que poderia ter uma oportunidade de crescimento profissional naquela \u00e1rea. &#8220;Fiz o curso para conquistar o meu espa\u00e7o na avia\u00e7\u00e3o civil e, agora que fui aprovado na prova da Ag\u00eancia Nacional de Avia\u00e7\u00e3o Civil (ANAC), j\u00e1 posso realizar esse sonho em um futuro bem pr\u00f3ximo, pois \u00e9 uma \u00e1rea que est\u00e1 em crescimento no Brasil e no mundo&#8221;, conta ele, que trabalha em uma empresa de avia\u00e7\u00e3o no aeroporto de Ilh\u00e9us.<\/p>\n<p>Com 73 anos de tradi\u00e7\u00e3o na forma\u00e7\u00e3o de Pilotos e Instrutores de voo, o Aeroclube de Ilh\u00e9us destaca que o seu espa\u00e7o &#8211; considerado um dos mais estrat\u00e9gicos da Bahia pela localiza\u00e7\u00e3o &#8211; tamb\u00e9m est\u00e1 devidamente adequado para a forma\u00e7\u00e3o de Comiss\u00e1rios. O ACIL oferece mais uma vantagem: todos os testes necess\u00e1rios para a conclus\u00e3o do curso de Comiss\u00e1rio &#8211; como pr\u00e1ticos o de Sa\u00fade CMA &#8211; s\u00e3o realizados em Ilh\u00e9us, n\u00e3o sendo necess\u00e1rio o deslocamento do aluno para outras cidades. <\/p>\n<p>Para ser comiss\u00e1rio n\u00e3o \u00e9 necess\u00e1rio ter experi\u00eancia anterior, o que se torna um facilitador para jovens que est\u00e3o em busca de uma atividade profissional. Saber outro idioma tamb\u00e9m n\u00e3o \u00e9 obrigat\u00e1rio em algumas companhias a\u00e9reas, mas \u00e9 um diferencial para este profissional de avia\u00e7\u00e3o. O presidente do ACIL, Alexandre Reis, explica que &#8220;o Comiss\u00e1rio de Voo \u00e9 um agente de seguran\u00e7a dentro da aeronave. Sabemos que se tornar um profissional desta \u00e1rea \u00e9 o sonho de muitos jovens da regi\u00e3o e de fora dela, por isso, o curso tem sido t\u00e3o bem aceito&#8221;. <\/p>\n<p>Sobre o Aeroclube de Ilh\u00e9us<\/p>\n<p>Fundado em 1942, o Aeroclube de Ilh\u00e9us  \u00e9 uma institui\u00e7\u00e3o sem fins lucrativos, vista como uma das melhores escolas de avia\u00e7\u00e3o civil da Bahia, pela localiza\u00e7\u00e3o estrat\u00e9gica. Possui tradi\u00e7\u00e3o na forma\u00e7\u00e3o de pilotos e instrutores de voo. O curso de Comiss\u00e1rio, o mais novo da institui\u00e7\u00e3o, foi homologado pela Ag\u00eancia Nacional de Avia\u00e7\u00e3o Civil (ANAC), atrav\u00e9s da Portaria N\u00ba 1405\/SPO, de 13 de junho de 2014 e est\u00e1 com matr\u00edculas abertas para nova turma do curso e tamb\u00e9m para a forma\u00e7\u00e3o de Pilotos. O Aeroclube est\u00e1 localizado dentro do Aeroporto Jorge Amado, no bairro do Pontal, em Ilh\u00e9us. Para maiores informa\u00e7\u00f5es, ligue: (73) 8834-0659,  3086-3860 e 88340660.  <\/p>\n","protected":false},"excerpt":{"rendered":"<p>Com a segunda turma conclu\u00edda em menos de um ano desde que foi implantado o curso de Comiss\u00e1rio de Voo, o Aeroclube de Ilh\u00e9us (ACIL) comemora a consolida\u00e7\u00e3o dessa forma\u00e7\u00e3o no rol de cursos profissionalizantes na regi\u00e3o. O total de 44 jovens que conclu\u00edram o curso &#8211; vindos de cidades como Itabuna, Itapetinga, Una, Camac\u00e3 [&hellip;]<\/p>\n","protected":false},"author":2,"featured_media":0,"comment_status":"open","ping_status":"open","sticky":false,"template":"","format":"standard","meta":{"_links_to":"","_links_to_target":""},"categories":[10],"tags":[],"_links":{"self":[{"href":"https:\/\/www.r2cpress.com.br\/v1\/wp-json\/wp\/v2\/posts\/93590"}],"collection":[{"href":"https:\/\/www.r2cpress.com.br\/v1\/wp-json\/wp\/v2\/posts"}],"about":[{"href":"https:\/\/www.r2cpress.com.br\/v1\/wp-json\/wp\/v2\/types\/post"}],"author":[{"embeddable":true,"href":"https:\/\/www.r2cpress.com.br\/v1\/wp-json\/wp\/v2\/users\/2"}],"replies":[{"embeddable":true,"href":"https:\/\/www.r2cpress.com.br\/v1\/wp-json\/wp\/v2\/comments?post=93590"}],"version-history":[{"count":1,"href":"https:\/\/www.r2cpress.com.br\/v1\/wp-json\/wp\/v2\/posts\/93590\/revisions"}],"predecessor-version":[{"id":93592,"href":"https:\/\/www.r2cpress.com.br\/v1\/wp-json\/wp\/v2\/posts\/93590\/revisions\/93592"}],"wp:attachment":[{"href":"https:\/\/www.r2cpress.com.br\/v1\/wp-json\/wp\/v2\/media?parent=93590"}],"wp:term":[{"taxonomy":"category","embeddable":true,"href":"https:\/\/www.r2cpress.com.br\/v1\/wp-json\/wp\/v2\/categories?post=93590"},{"taxonomy":"post_tag","embeddable":true,"href":"https:\/\/www.r2cpress.com.br\/v1\/wp-json\/wp\/v2\/tags?post=93590"}],"curies":[{"name":"wp","href":"https:\/\/api.w.org\/{rel}","templated":true}]}}