{"id":93634,"date":"2015-05-19T11:25:28","date_gmt":"2015-05-19T14:25:28","guid":{"rendered":"http:\/\/www.r2cpress.com.br\/v1\/?p=93634"},"modified":"2015-05-19T11:25:28","modified_gmt":"2015-05-19T14:25:28","slug":"secretaria-de-saude-de-ilheus-alerta-para-fim-do-prazo-de-vacinacao-contra-a-gripe","status":"publish","type":"post","link":"https:\/\/www.r2cpress.com.br\/v1\/2015\/05\/19\/secretaria-de-saude-de-ilheus-alerta-para-fim-do-prazo-de-vacinacao-contra-a-gripe\/","title":{"rendered":"Secretaria de Sa\u00fade de Ilh\u00e9us alerta para fim do prazo de vacina\u00e7\u00e3o contra a gripe"},"content":{"rendered":"<p align=\"center\"><i>Prazo ser\u00e1 encerrado em 22 de maio e n\u00e3o haver\u00e1 prorroga\u00e7\u00e3o, segundo o Minist\u00e9rio da Sa\u00fade<\/i><\/p>\n<p style=\"text-align: justify;\" align=\"center\">A Secretaria de Sa\u00fade (Sesau) de Ilh\u00e9us alerta a popula\u00e7\u00e3o alvo da campanha de vacina\u00e7\u00e3o contra a gripe para a import\u00e2ncia de se imunizar e para o fim do prazo, que se encerra nesta sexta-feira, 22.\u00a0De acordo com a supervisora de Imuniza\u00e7\u00e3o da Sesau, Walk\u00edria Cardeal,\u00a0devem receber a dose crian\u00e7as na faixa entre 6 meses e 5 anos incompletos, idosos, trabalhadores da sa\u00fade, povos ind\u00edgenas, gestantes, mulheres at\u00e9 45 dias ap\u00f3s o parto, presos e funcion\u00e1rios do sistema prisional.<\/p>\n<p>Tamb\u00e9m ser\u00e3o vacinadas pessoas com doen\u00e7as cr\u00f4nicas n\u00e3o transmiss\u00edveis ou com condi\u00e7\u00f5es cl\u00ednicas especiais. Neste caso, \u00e9 preciso levar uma prescri\u00e7\u00e3o m\u00e9dica especificando o motivo da indica\u00e7\u00e3o da dose. Pacientes que participam de programas de controle de doen\u00e7as cr\u00f4nicas no Sistema \u00danico de Sa\u00fade devem procurar os postos onde est\u00e3o cadastrados para receber a dose, sem necessidade da prescri\u00e7\u00e3o m\u00e9dica.<\/p>\n<p>Iniciada em 4 de maio, a campanha promoveu, no \u00faltimo dia 9, em Ilh\u00e9us, o chamado \u201cDia D\u201d. O trabalho, que aconteceu das 8 \u00e0s 17h, em 19 postos e unidades de sa\u00fade da cidade, imunizou 4.680 pessoas.\u00a0O Minist\u00e9rio da Sa\u00fade informou, nesta segunda-feira, 18, que ainda \u00e9 baixo o n\u00famero de pessoas imunizadas. O \u00f3rg\u00e3o federal tamb\u00e9m alertou que n\u00e3o haver\u00e1 prorroga\u00e7\u00e3o da campanha, como aconteceu em anos anteriores.<\/p>\n<p>Desde o dia nove, os postos de sa\u00fade da zona rural do munic\u00edpio tamb\u00e9m oferecem a imuniza\u00e7\u00e3o. Al\u00e9m de todos os postos do per\u00edmetro urbano, as doses est\u00e3o dispon\u00edveis nas\u00a0localidades rurais de Aritagu\u00e1, Sambaituba, S\u00e3o Jo\u00e3o, Campinhos, Urucutuca, Vila Ol\u00edmpio, Ribeira das Pedras, Banco Central, Banco do Pedro, Carobeira e Castelo Novo.<\/p>\n<p><b>Postos &#8211;<\/b>\u00a0Walk\u00edria Cardeal chama aten\u00e7\u00e3o para o fato de que v\u00e1rios postos e unidades de sa\u00fade seguir\u00e3o realizando o trabalho de imuniza\u00e7\u00e3o: Cae III (antigo Sesp), manh\u00e3 e tarde; PSF (Programa Sa\u00fade da Fam\u00edlia) da Conquista, tarde; Herval Soledade, manh\u00e3; PSF do Nelson Costa, manh\u00e3 e tarde; PSF do N. S. da Vit\u00f3ria, manh\u00e3; Oliven\u00e7a, manh\u00e3; PSF do Iguape, manh\u00e3 e tarde; Sarah, manh\u00e3 e tarde; Dr. Euller \u00c1zaro (Teot\u00f4nio Vilela), manh\u00e3 e tarde; Banco da Vit\u00f3ria, tarde; e Vila Cachoeira, manh\u00e3.<\/p>\n","protected":false},"excerpt":{"rendered":"<p>Prazo ser\u00e1 encerrado em 22 de maio e n\u00e3o haver\u00e1 prorroga\u00e7\u00e3o, segundo o Minist\u00e9rio da Sa\u00fade A Secretaria de Sa\u00fade (Sesau) de Ilh\u00e9us alerta a popula\u00e7\u00e3o alvo da campanha de vacina\u00e7\u00e3o contra a gripe para a import\u00e2ncia de se imunizar e para o fim do prazo, que se encerra nesta sexta-feira, 22.\u00a0De acordo com a [&hellip;]<\/p>\n","protected":false},"author":2,"featured_media":0,"comment_status":"open","ping_status":"open","sticky":false,"template":"","format":"standard","meta":{"_links_to":"","_links_to_target":""},"categories":[23],"tags":[],"_links":{"self":[{"href":"https:\/\/www.r2cpress.com.br\/v1\/wp-json\/wp\/v2\/posts\/93634"}],"collection":[{"href":"https:\/\/www.r2cpress.com.br\/v1\/wp-json\/wp\/v2\/posts"}],"about":[{"href":"https:\/\/www.r2cpress.com.br\/v1\/wp-json\/wp\/v2\/types\/post"}],"author":[{"embeddable":true,"href":"https:\/\/www.r2cpress.com.br\/v1\/wp-json\/wp\/v2\/users\/2"}],"replies":[{"embeddable":true,"href":"https:\/\/www.r2cpress.com.br\/v1\/wp-json\/wp\/v2\/comments?post=93634"}],"version-history":[{"count":1,"href":"https:\/\/www.r2cpress.com.br\/v1\/wp-json\/wp\/v2\/posts\/93634\/revisions"}],"predecessor-version":[{"id":93635,"href":"https:\/\/www.r2cpress.com.br\/v1\/wp-json\/wp\/v2\/posts\/93634\/revisions\/93635"}],"wp:attachment":[{"href":"https:\/\/www.r2cpress.com.br\/v1\/wp-json\/wp\/v2\/media?parent=93634"}],"wp:term":[{"taxonomy":"category","embeddable":true,"href":"https:\/\/www.r2cpress.com.br\/v1\/wp-json\/wp\/v2\/categories?post=93634"},{"taxonomy":"post_tag","embeddable":true,"href":"https:\/\/www.r2cpress.com.br\/v1\/wp-json\/wp\/v2\/tags?post=93634"}],"curies":[{"name":"wp","href":"https:\/\/api.w.org\/{rel}","templated":true}]}}