{"id":93661,"date":"2015-05-20T13:19:57","date_gmt":"2015-05-20T16:19:57","guid":{"rendered":"http:\/\/www.r2cpress.com.br\/v1\/?p=93661"},"modified":"2015-05-20T13:19:57","modified_gmt":"2015-05-20T16:19:57","slug":"em-brasilia-rui-pede-recursos-para-contencao-de-encostas-e-construcao-de-casas","status":"publish","type":"post","link":"https:\/\/www.r2cpress.com.br\/v1\/2015\/05\/20\/em-brasilia-rui-pede-recursos-para-contencao-de-encostas-e-construcao-de-casas\/","title":{"rendered":"Em Bras\u00edlia, Rui pede recursos para conten\u00e7\u00e3o de encostas e constru\u00e7\u00e3o de casas"},"content":{"rendered":"<div>O governador Rui Costa, acompanhado do prefeito de Salvador, ACM Neto, apresentou mais um pedido urgente ao ministro das Cidades, Gilberto Kassab, em reuni\u00e3o nesta quarta-feira (20), em Bras\u00edlia. Diante das chuvas que atingem a cidade de Salvador h\u00e1 semanas, foram solicitadas obras de conten\u00e7\u00e3o emergencial de encostas em 36 \u00e1reas, por parte do Estado, e a constru\u00e7\u00e3o de moradias seguras para cerca de cinco mil fam\u00edlias, dentro do programa Minha Casa, Minha Vida.<\/div>\n<div>\n<div id=\"attachment_93662\" style=\"width: 560px\" class=\"wp-caption aligncenter\"><a href=\"http:\/\/www.r2cpress.com.br\/v1\/wp-content\/uploads\/2015\/05\/Foto-by-Bruno-Peres_Min.jpg\"><img aria-describedby=\"caption-attachment-93662\" loading=\"lazy\" class=\"size-full wp-image-93662\" src=\"http:\/\/www.r2cpress.com.br\/v1\/wp-content\/uploads\/2015\/05\/Foto-by-Bruno-Peres_Min.jpg\" alt=\"Foto  by  Bruno Peres_Min\" width=\"550\" height=\"367\" srcset=\"https:\/\/www.r2cpress.com.br\/v1\/wp-content\/uploads\/2015\/05\/Foto-by-Bruno-Peres_Min.jpg 550w, https:\/\/www.r2cpress.com.br\/v1\/wp-content\/uploads\/2015\/05\/Foto-by-Bruno-Peres_Min-300x200.jpg 300w\" sizes=\"(max-width: 550px) 100vw, 550px\" \/><\/a><p id=\"caption-attachment-93662\" class=\"wp-caption-text\">Foto by Bruno Peres_Min<\/p><\/div>\n<\/div>\n<div>O governo baiano e a prefeitura t\u00eam identificado locais onde ser\u00e3o constru\u00eddas essas casas. Hoje, as fam\u00edlias est\u00e3o em locais de risco ou foram encaminhadas para o aluguel social. As cinco mil unidades do Minha Casa, Minha Vida est\u00e3o divididas entre pleitos do Estado e da Prefeitura. Rui Costa alertou sobre a necessidade de garantir e propiciar um lugar adequado para que esses pais possam viver com seus filhos. &#8220;Temos que levar essas pessoas para um lugar seguro. As fam\u00edlias precisam da garantia de um bom lugar para morar&#8221;, disse o governador ao ministro.<\/div>\n<div><\/div>\n<div>Kassab respondeu, prontamente, que o trabalho conjunto entre governo federal, Estado e Prefeitura vai seguir com urg\u00eancia. \u00a0Ele reafirmou que este compromisso \u00e9 de todos e que a presidente Dilma Rousseff acompanha a situa\u00e7\u00e3o desde os primeiros deslizamentos. &#8220;Recebi liga\u00e7\u00f5es da presidente Dilma e do vice-presidente, Michel Temer, antes dessa agenda e posso assegur\u00e1-los que existe a determina\u00e7\u00e3o para este apoio&#8221;.<\/div>\n<div><\/div>\n<div>De acordo com o prefeito ACM Neto, o pedido \u00e9 resultado de levantamentos sobre as principais \u00e1reas de riscos e os im\u00f3veis que precisar\u00e3o ser evacuados. Tamb\u00e9m foi realizado um mapeamento das fam\u00edlias que precisar\u00e3o ser contempladas com as novas resid\u00eancias.<\/div>\n<div><\/div>\n<div>\n<div>Os secret\u00e1rios da Casa Civil do Estado, Bruno Dauster, e da Prefeitura, Luiz Carreira, tamb\u00e9m participaram da audi\u00eancia, al\u00e9m dos representantes do governo baiano, Jonas Paulo, e da gest\u00e3o municipal, Rafael Ferreira. Nesta tarde, Rui Costa segue para o Minist\u00e9rio da Integra\u00e7\u00e3o Nacional, acompanhado do prefeito de Salvador, para buscar tamb\u00e9m nesta pasta recursos emergenciais que ser\u00e3o aplicados em obras de conten\u00e7\u00e3o.<\/div>\n<\/div>\n<p>&nbsp;<\/p>\n","protected":false},"excerpt":{"rendered":"<p>O governador Rui Costa, acompanhado do prefeito de Salvador, ACM Neto, apresentou mais um pedido urgente ao ministro das Cidades, Gilberto Kassab, em reuni\u00e3o nesta quarta-feira (20), em Bras\u00edlia. Diante das chuvas que atingem a cidade de Salvador h\u00e1 semanas, foram solicitadas obras de conten\u00e7\u00e3o emergencial de encostas em 36 \u00e1reas, por parte do Estado, [&hellip;]<\/p>\n","protected":false},"author":2,"featured_media":0,"comment_status":"open","ping_status":"open","sticky":false,"template":"","format":"standard","meta":{"_links_to":"","_links_to_target":""},"categories":[29],"tags":[],"_links":{"self":[{"href":"https:\/\/www.r2cpress.com.br\/v1\/wp-json\/wp\/v2\/posts\/93661"}],"collection":[{"href":"https:\/\/www.r2cpress.com.br\/v1\/wp-json\/wp\/v2\/posts"}],"about":[{"href":"https:\/\/www.r2cpress.com.br\/v1\/wp-json\/wp\/v2\/types\/post"}],"author":[{"embeddable":true,"href":"https:\/\/www.r2cpress.com.br\/v1\/wp-json\/wp\/v2\/users\/2"}],"replies":[{"embeddable":true,"href":"https:\/\/www.r2cpress.com.br\/v1\/wp-json\/wp\/v2\/comments?post=93661"}],"version-history":[{"count":1,"href":"https:\/\/www.r2cpress.com.br\/v1\/wp-json\/wp\/v2\/posts\/93661\/revisions"}],"predecessor-version":[{"id":93663,"href":"https:\/\/www.r2cpress.com.br\/v1\/wp-json\/wp\/v2\/posts\/93661\/revisions\/93663"}],"wp:attachment":[{"href":"https:\/\/www.r2cpress.com.br\/v1\/wp-json\/wp\/v2\/media?parent=93661"}],"wp:term":[{"taxonomy":"category","embeddable":true,"href":"https:\/\/www.r2cpress.com.br\/v1\/wp-json\/wp\/v2\/categories?post=93661"},{"taxonomy":"post_tag","embeddable":true,"href":"https:\/\/www.r2cpress.com.br\/v1\/wp-json\/wp\/v2\/tags?post=93661"}],"curies":[{"name":"wp","href":"https:\/\/api.w.org\/{rel}","templated":true}]}}