{"id":93682,"date":"2015-05-20T20:57:26","date_gmt":"2015-05-20T23:57:26","guid":{"rendered":"http:\/\/www.r2cpress.com.br\/v1\/?p=93682"},"modified":"2015-05-20T20:57:26","modified_gmt":"2015-05-20T23:57:26","slug":"caos-no-aeroporto-de-ilheus","status":"publish","type":"post","link":"https:\/\/www.r2cpress.com.br\/v1\/2015\/05\/20\/caos-no-aeroporto-de-ilheus\/","title":{"rendered":"CAOS NO AEROPORTO DE ILH\u00c9US"},"content":{"rendered":"<p>Absurdo o que est\u00e3o fazendo com ILH\u00c8US, um aeroporto que nunca na hist\u00f3ria de Ilh\u00e9us teve um unico acidente a n\u00e3o ser \u00a0a derrapagem do avi\u00e3o da Vasp a anos atr\u00e1s por impericia do seu piloto quase caiu no rio, depois foi comprovado pelas pericias e investiga\u00e7\u00f5es que a culpa foi do comandante. Depois daquele acidente com o avi\u00e3o da TAM em S\u00e3o Paulo por culpa da ANAC que na reforma n\u00e3o fizeram as ranhuras na pista resolveram punir o aeroporto de Ilh\u00e9us \u00a0tirando os aparelhos que ajudam aos pilotos a uma aterrisagem mais segura com o tempo chuvoso, foram tantos pedidos, tantas exigencias da ANAC para o retorno dos ditos aparelhos e nada, \u00a0esqueceram de lutarem para que Ilh\u00e9us volte a ter voos mais seguros \u00a0pois antes pousavam os AIRBUS da tam o A320 que pegavam mais de 180 passageiros , aonde est\u00e1 o nosso prefeito, aonde est\u00e1 os nobres deputados, os nobres vereadores, aonde est\u00e1 a nossa imprensa, aonde est\u00e1 a TV Santa Cruz que n\u00e3o movem uma palha para ser resolvido este problema muito serio no nosso aeroporto, ouvi dizer que as companhias aereas poder\u00e3o suspender os voos a Ilh\u00e9us, n\u00e3o t\u00e3o aguentando tanta despesas em ter que colocar os passageiros em hoteis e quest\u00f5es na justi\u00e7a quando tem que cancelar os voos por \u00a0causa de chuvas, as vezes mesmo pouca chuva alguns pilotos n\u00e3o tem coragem de pousar, \u00e9 meus amigos \u00e9 triste que uma cidade onde tem grande impor\u00e2ncia com o turismo, empresarios tem que se asujeitar a esse tipo de coisa, Sempre a mesma mentira \u00a0desde o governo Jaques Wagner vamos contruir um novo aeroporto, mentira, mentira, Ilh\u00e9us n\u00e3o precisa de outro aeroporto \u00e9 tudo maneira de tapear o nosso povo, vejam a ponte, bandidos , mentirosos, enganadores , farsantes, estou enojado, acorda Ilh\u00e9us est\u00e3o te destruindo, temos que ir a luta basta de tanto abandono de nossa cidade.<\/p>\n<p><em><strong>Arnaldo Pereira<\/strong><\/em><\/p>\n","protected":false},"excerpt":{"rendered":"<p>Absurdo o que est\u00e3o fazendo com ILH\u00c8US, um aeroporto que nunca na hist\u00f3ria de Ilh\u00e9us teve um unico acidente a n\u00e3o ser \u00a0a derrapagem do avi\u00e3o da Vasp a anos atr\u00e1s por impericia do seu piloto quase caiu no rio, depois foi comprovado pelas pericias e investiga\u00e7\u00f5es que a culpa foi do comandante. Depois daquele [&hellip;]<\/p>\n","protected":false},"author":2,"featured_media":0,"comment_status":"open","ping_status":"open","sticky":false,"template":"","format":"standard","meta":{"_links_to":"","_links_to_target":""},"categories":[10],"tags":[],"_links":{"self":[{"href":"https:\/\/www.r2cpress.com.br\/v1\/wp-json\/wp\/v2\/posts\/93682"}],"collection":[{"href":"https:\/\/www.r2cpress.com.br\/v1\/wp-json\/wp\/v2\/posts"}],"about":[{"href":"https:\/\/www.r2cpress.com.br\/v1\/wp-json\/wp\/v2\/types\/post"}],"author":[{"embeddable":true,"href":"https:\/\/www.r2cpress.com.br\/v1\/wp-json\/wp\/v2\/users\/2"}],"replies":[{"embeddable":true,"href":"https:\/\/www.r2cpress.com.br\/v1\/wp-json\/wp\/v2\/comments?post=93682"}],"version-history":[{"count":1,"href":"https:\/\/www.r2cpress.com.br\/v1\/wp-json\/wp\/v2\/posts\/93682\/revisions"}],"predecessor-version":[{"id":93683,"href":"https:\/\/www.r2cpress.com.br\/v1\/wp-json\/wp\/v2\/posts\/93682\/revisions\/93683"}],"wp:attachment":[{"href":"https:\/\/www.r2cpress.com.br\/v1\/wp-json\/wp\/v2\/media?parent=93682"}],"wp:term":[{"taxonomy":"category","embeddable":true,"href":"https:\/\/www.r2cpress.com.br\/v1\/wp-json\/wp\/v2\/categories?post=93682"},{"taxonomy":"post_tag","embeddable":true,"href":"https:\/\/www.r2cpress.com.br\/v1\/wp-json\/wp\/v2\/tags?post=93682"}],"curies":[{"name":"wp","href":"https:\/\/api.w.org\/{rel}","templated":true}]}}