{"id":93689,"date":"2015-05-21T09:41:26","date_gmt":"2015-05-21T12:41:26","guid":{"rendered":"http:\/\/www.r2cpress.com.br\/v1\/?p=93689"},"modified":"2015-05-21T09:41:26","modified_gmt":"2015-05-21T12:41:26","slug":"governo-apresenta-nova-proposta-para-professores-das-universidades","status":"publish","type":"post","link":"https:\/\/www.r2cpress.com.br\/v1\/2015\/05\/21\/governo-apresenta-nova-proposta-para-professores-das-universidades\/","title":{"rendered":"Governo apresenta nova proposta para professores das universidades"},"content":{"rendered":"<div>Por meio das secretarias da Educa\u00e7\u00e3o, Administra\u00e7\u00e3o e Rela\u00e7\u00f5es Institucionais, o Governo do Estado apresentou, nesta quarta-feira (20), ao F\u00f3rum das Associa\u00e7\u00f5es de Docentes das universidades estaduais (F\u00f3rum das ADs), em reuni\u00e3o na sede Secretaria da Educa\u00e7\u00e3o do Estado da Bahia, em Salvador, a minuta do projeto de lei que garante maior autonomia \u00e0s universidades e revoga a Lei no 7176\/1997.<\/div>\n<div><\/div>\n<div>\u201cA minuta do [projeto] tem por orienta\u00e7\u00e3o garantir a organiza\u00e7\u00e3o aut\u00f4noma das universidades\u201d, afirmou a diretora de Modelos Institucionais da Secretaria da Administra\u00e7\u00e3o do Estado da Bahia (Saeb), Danielle Cintra, ressaltando que a regulamenta\u00e7\u00e3o estar\u00e1 condicionada \u00e0 altera\u00e7\u00e3o do estatuto das universidades.<\/div>\n<div><\/div>\n<div>Segundo o coordenador da entidade, Elson Moura, a proposta ser\u00e1 apresentada para discuss\u00e3o nas assembleias dos docentes. \u201cN\u00f3s temos um documento que vai precisar de leitura mais densa, que \u00e9 o projeto de lei para substitui\u00e7\u00e3o da Lei 7176. Isso demanda um certo tempo e precisa de discuss\u00e3o\u201d.<\/div>\n<div><\/div>\n<div>O governo tamb\u00e9m apresentou a proposta de altera\u00e7\u00e3o da estrutura de cargo para assegurar o fluxo e maior n\u00famero de promo\u00e7\u00f5es. \u201cEsta proposta implica na cria\u00e7\u00e3o de um novo projeto de lei e dever\u00e1 envolver tamb\u00e9m os reitores na discuss\u00e3o\u201d, afirmou o superintendente de Recursos Humanos da Saeb, Adriano Tambone.<\/div>\n<div><\/div>\n<div>Quanto \u00e0s demais reivindica\u00e7\u00f5es, o governo apresentou, no dia 4 deste m\u00eas, documento assegurando atendimento \u00e0s promo\u00e7\u00f5es e progressos que estavam na Secretaria da Administra\u00e7\u00e3o. \u201cTamb\u00e9m autorizou a contrata\u00e7\u00e3o de professores substitutos, [com] base no cronograma apresentado pelas universidades\u201d, como explicou o chefe de gabinete da Secretaria da Educa\u00e7\u00e3o, Wilton Cunha. Ele ressaltou que, \u00a0\u201cmesmo com o cen\u00e1rio econ\u00f4mico desfavor\u00e1vel, o Governo da Bahia garante o or\u00e7amento das universidades estaduais para 2015, com aumento de 10,3%, totalizando R$ 1.126.500 bilh\u00e3o\u201d.<\/div>\n<div><\/div>\n<div>Ao final da reuni\u00e3o, ficou acordado novo encontro entre representantes do governo e das associa\u00e7\u00f5es docentes, no pr\u00f3ximo dia 26, \u00e0s 9h, tamb\u00e9m na sede da Secretaria da Educa\u00e7\u00e3o, no Centro Administrativo da Bahia (CAB).<\/div>\n<p>&nbsp;<\/p>\n","protected":false},"excerpt":{"rendered":"<p>Por meio das secretarias da Educa\u00e7\u00e3o, Administra\u00e7\u00e3o e Rela\u00e7\u00f5es Institucionais, o Governo do Estado apresentou, nesta quarta-feira (20), ao F\u00f3rum das Associa\u00e7\u00f5es de Docentes das universidades estaduais (F\u00f3rum das ADs), em reuni\u00e3o na sede Secretaria da Educa\u00e7\u00e3o do Estado da Bahia, em Salvador, a minuta do projeto de lei que garante maior autonomia \u00e0s universidades [&hellip;]<\/p>\n","protected":false},"author":2,"featured_media":0,"comment_status":"open","ping_status":"open","sticky":false,"template":"","format":"standard","meta":{"_links_to":"","_links_to_target":""},"categories":[29],"tags":[],"_links":{"self":[{"href":"https:\/\/www.r2cpress.com.br\/v1\/wp-json\/wp\/v2\/posts\/93689"}],"collection":[{"href":"https:\/\/www.r2cpress.com.br\/v1\/wp-json\/wp\/v2\/posts"}],"about":[{"href":"https:\/\/www.r2cpress.com.br\/v1\/wp-json\/wp\/v2\/types\/post"}],"author":[{"embeddable":true,"href":"https:\/\/www.r2cpress.com.br\/v1\/wp-json\/wp\/v2\/users\/2"}],"replies":[{"embeddable":true,"href":"https:\/\/www.r2cpress.com.br\/v1\/wp-json\/wp\/v2\/comments?post=93689"}],"version-history":[{"count":1,"href":"https:\/\/www.r2cpress.com.br\/v1\/wp-json\/wp\/v2\/posts\/93689\/revisions"}],"predecessor-version":[{"id":93690,"href":"https:\/\/www.r2cpress.com.br\/v1\/wp-json\/wp\/v2\/posts\/93689\/revisions\/93690"}],"wp:attachment":[{"href":"https:\/\/www.r2cpress.com.br\/v1\/wp-json\/wp\/v2\/media?parent=93689"}],"wp:term":[{"taxonomy":"category","embeddable":true,"href":"https:\/\/www.r2cpress.com.br\/v1\/wp-json\/wp\/v2\/categories?post=93689"},{"taxonomy":"post_tag","embeddable":true,"href":"https:\/\/www.r2cpress.com.br\/v1\/wp-json\/wp\/v2\/tags?post=93689"}],"curies":[{"name":"wp","href":"https:\/\/api.w.org\/{rel}","templated":true}]}}