{"id":93695,"date":"2015-05-21T10:58:20","date_gmt":"2015-05-21T13:58:20","guid":{"rendered":"http:\/\/www.r2cpress.com.br\/v1\/?p=93695"},"modified":"2015-05-21T10:58:20","modified_gmt":"2015-05-21T13:58:20","slug":"segundo-dia-do-mes-da-danca-e-nesta-quinta-feira","status":"publish","type":"post","link":"https:\/\/www.r2cpress.com.br\/v1\/2015\/05\/21\/segundo-dia-do-mes-da-danca-e-nesta-quinta-feira\/","title":{"rendered":"SEGUNDO DIA DO \u201cM\u00caS DA DAN\u00c7A\u201d \u00c9 NESTA QUINTA-FEIRA"},"content":{"rendered":"<div>Nesta quinta-feira (21), \u00e0s 19h, academias e grupos de dan\u00e7a de Ilh\u00e9us voltam a se apresentar na Tenda Teatro Popular de Ilh\u00e9us, no projeto \u201cMaio M\u00eas da Dan\u00e7a\u201d.<\/div>\n<div><\/div>\n<div><\/div>\n<div>A Cia. de Dan\u00e7a S\u00f4anne Marry, Ballet Afro Dilazenze, Academia N\u00facleo da Dan\u00e7a, Arrisca Cia. de Dan\u00e7a, Academia Din\u00e2mica e Movimento s\u00e3o presen\u00e7as confirmadas, al\u00e9m da ACEAI (Associa\u00e7\u00e3o<\/div>\n<div>Centro Educacional de A\u00e7\u00e3o Integrada), como convidada.<\/div>\n<div><\/div>\n<div><\/div>\n<div>Os ingressos custam R$ 12 (inteira) e R$ 6 (meia), com venda no local. Confira um pouco das apresenta\u00e7\u00f5es do primeiro dia do \u201cMaio M\u00eas da Dan\u00e7a\u201d neste link:\u00a0<a href=\"https:\/\/youtu.be\/cBfDqZ77I0E\" target=\"_blank\">https:\/\/youtu.be\/<wbr><\/wbr>cBfDqZ77I0E<\/a>. As pr\u00f3ximas edi\u00e7\u00f5es do evento acontecer\u00e3o nos dias 28 (quintas) e 31 (domingo) deste m\u00eas, \u00e0s 19h.<\/div>\n<div><\/div>\n<div><\/div>\n<div><b>Tenda<\/b>\u00a0&#8211; A Tenda TPI foi inaugurada h\u00e1 dois anos e \u00e9 administrada pelo Teatro Popular de Ilh\u00e9us, que loca a estrutura do Circo Show Brasil. As atividades s\u00e3o mantidas atrav\u00e9s do Programa de Apoio a Institui\u00e7\u00f5es Culturais de A\u00e7\u00f5es Continuadas do Fundo de Cultura da Bahia.<\/div>\n","protected":false},"excerpt":{"rendered":"<p>Nesta quinta-feira (21), \u00e0s 19h, academias e grupos de dan\u00e7a de Ilh\u00e9us voltam a se apresentar na Tenda Teatro Popular de Ilh\u00e9us, no projeto \u201cMaio M\u00eas da Dan\u00e7a\u201d. A Cia. de Dan\u00e7a S\u00f4anne Marry, Ballet Afro Dilazenze, Academia N\u00facleo da Dan\u00e7a, Arrisca Cia. de Dan\u00e7a, Academia Din\u00e2mica e Movimento s\u00e3o presen\u00e7as confirmadas, al\u00e9m da ACEAI [&hellip;]<\/p>\n","protected":false},"author":2,"featured_media":0,"comment_status":"open","ping_status":"open","sticky":false,"template":"","format":"standard","meta":{"_links_to":"","_links_to_target":""},"categories":[5],"tags":[],"_links":{"self":[{"href":"https:\/\/www.r2cpress.com.br\/v1\/wp-json\/wp\/v2\/posts\/93695"}],"collection":[{"href":"https:\/\/www.r2cpress.com.br\/v1\/wp-json\/wp\/v2\/posts"}],"about":[{"href":"https:\/\/www.r2cpress.com.br\/v1\/wp-json\/wp\/v2\/types\/post"}],"author":[{"embeddable":true,"href":"https:\/\/www.r2cpress.com.br\/v1\/wp-json\/wp\/v2\/users\/2"}],"replies":[{"embeddable":true,"href":"https:\/\/www.r2cpress.com.br\/v1\/wp-json\/wp\/v2\/comments?post=93695"}],"version-history":[{"count":2,"href":"https:\/\/www.r2cpress.com.br\/v1\/wp-json\/wp\/v2\/posts\/93695\/revisions"}],"predecessor-version":[{"id":93697,"href":"https:\/\/www.r2cpress.com.br\/v1\/wp-json\/wp\/v2\/posts\/93695\/revisions\/93697"}],"wp:attachment":[{"href":"https:\/\/www.r2cpress.com.br\/v1\/wp-json\/wp\/v2\/media?parent=93695"}],"wp:term":[{"taxonomy":"category","embeddable":true,"href":"https:\/\/www.r2cpress.com.br\/v1\/wp-json\/wp\/v2\/categories?post=93695"},{"taxonomy":"post_tag","embeddable":true,"href":"https:\/\/www.r2cpress.com.br\/v1\/wp-json\/wp\/v2\/tags?post=93695"}],"curies":[{"name":"wp","href":"https:\/\/api.w.org\/{rel}","templated":true}]}}