{"id":93698,"date":"2015-05-21T13:46:12","date_gmt":"2015-05-21T16:46:12","guid":{"rendered":"http:\/\/www.r2cpress.com.br\/v1\/?p=93698"},"modified":"2015-05-21T13:46:12","modified_gmt":"2015-05-21T16:46:12","slug":"homenagens-marcaram-a-abertura-do-centenario-de-adonias-filho-em-itajuipe","status":"publish","type":"post","link":"https:\/\/www.r2cpress.com.br\/v1\/2015\/05\/21\/homenagens-marcaram-a-abertura-do-centenario-de-adonias-filho-em-itajuipe\/","title":{"rendered":"Homenagens marcaram a abertura do Centen\u00e1rio de Adonias Filho em Itaju\u00edpe"},"content":{"rendered":"<p style=\"text-align: center;\"><strong>CLIQUE NA IMAGEM PARA AMPLIAR<\/strong><\/p>\n<div id=\"attachment_93699\" style=\"width: 310px\" class=\"wp-caption aligncenter\"><a href=\"http:\/\/www.r2cpress.com.br\/v1\/wp-content\/uploads\/2015\/05\/Fernando-Oliveira-Marcelino-Galo-e-Z\u00e9-NetoPrefeita-Gilka-Badar\u00f3-Zul\u00fa-Ara\u00fajo-Joanna-Ang\u00e9lica-Isaias-Carvalho-Vitor-Veiga-e-Ba\u00edsa-Nora.jpg\"><img aria-describedby=\"caption-attachment-93699\" loading=\"lazy\" class=\"size-medium wp-image-93699\" src=\"http:\/\/www.r2cpress.com.br\/v1\/wp-content\/uploads\/2015\/05\/Fernando-Oliveira-Marcelino-Galo-e-Z\u00e9-NetoPrefeita-Gilka-Badar\u00f3-Zul\u00fa-Ara\u00fajo-Joanna-Ang\u00e9lica-Isaias-Carvalho-Vitor-Veiga-e-Ba\u00edsa-Nora-300x211.jpg\" alt=\"Fernando Oliveira, Marcelino Galo e Z\u00e9 Neto,Prefeita Gilka Badar\u00f3, Zul\u00fa Ara\u00fajo, Joanna Ang\u00e9lica, Isaias Carvalho, Vitor Veiga e Ba\u00edsa Nora.\" width=\"300\" height=\"211\" srcset=\"https:\/\/www.r2cpress.com.br\/v1\/wp-content\/uploads\/2015\/05\/Fernando-Oliveira-Marcelino-Galo-e-Z\u00e9-NetoPrefeita-Gilka-Badar\u00f3-Zul\u00fa-Ara\u00fajo-Joanna-Ang\u00e9lica-Isaias-Carvalho-Vitor-Veiga-e-Ba\u00edsa-Nora-300x211.jpg 300w, https:\/\/www.r2cpress.com.br\/v1\/wp-content\/uploads\/2015\/05\/Fernando-Oliveira-Marcelino-Galo-e-Z\u00e9-NetoPrefeita-Gilka-Badar\u00f3-Zul\u00fa-Ara\u00fajo-Joanna-Ang\u00e9lica-Isaias-Carvalho-Vitor-Veiga-e-Ba\u00edsa-Nora.jpg 800w\" sizes=\"(max-width: 300px) 100vw, 300px\" \/><\/a><p id=\"caption-attachment-93699\" class=\"wp-caption-text\">Fernando Oliveira, Marcelino Galo e Z\u00e9 Neto,Prefeita Gilka Badar\u00f3, Zul\u00fa Ara\u00fajo, Joanna Ang\u00e9lica, Isaias Carvalho, Vitor Veiga e Ba\u00edsa Nora.<\/p><\/div>\n<p>A vida e a obra do escritor itajuipense, Adonias Aguiar Filho foi apresentada na noite desta quarta-feira, 20, em Itaju\u00edpe, e marcou oficialmente o in\u00edcio das comemora\u00e7\u00f5es do centen\u00e1rio do filho mais ilustre da cidade. At\u00e9 o dia 27 de novembro, data do nascimento do escritor, diversas atividades liter\u00e1rias ser\u00e3o realizadas no munic\u00edpio e na regi\u00e3o, com o objetivo de incentivar a dissemina\u00e7\u00e3o da obra.<\/p>\n<p>Uma Mesa de Debate, composta por escritores e professores da Academia de Letras de Itabuna &#8211; Alita foi coordenada pela professora e gestora do Memorial do escritor, Silmara Oliveira, que tamb\u00e9m \u00e9 acad\u00eamica da Alita, e exibiu alguns trechos de algumas obras do escritor, que relatam o modo de vida da sociedade em uma \u00e9poca marcada por lutas de terra no auge do cacau. Os personagens s\u00e3o de ascend\u00eancia africana e ind\u00edgena, refletindo o ambiente multicultural da regi\u00e3o, palco de suas fic\u00e7\u00f5es.<\/p>\n<p>De acordo com Silmara, o contexto cultural apresentado no evento marca a import\u00e2ncia de amplia\u00e7\u00e3o do nome Adonias Filho para a sociedade regional, fomentando o interesse das pessoas para o aprofundamento da vida e obra de Adonias Filho. \u201cAo fazer 100 anos, o evento traz a carga da mem\u00f3ria da funda\u00e7\u00e3o das Terras de Cacau, e o Memorial faz parte desse prop\u00f3sito de preserva\u00e7\u00e3o e dissemina\u00e7\u00e3o da obra\u201d, avaliou.<\/p>\n<p><!--more--><\/p>\n<p>A import\u00e2ncia do evento foi tamb\u00e9m evidenciada pela prefeita de Itaju\u00edpe e vice-presidente da Amurc, Gilka Badar\u00f3, que segundo ela, desde o ano passado o munic\u00edpio tem se envolvido no projeto de valoriza\u00e7\u00e3o e dissemina\u00e7\u00e3o da vida e da obra do escritor. \u201cA partir dessa iniciativa, as crian\u00e7as de Itaju\u00edpe j\u00e1 sabem e sentem o interesse nessa discuss\u00e3o. Por isso, \u00e9 importante motivar os estudantes a terem atra\u00e7\u00e3o e motiva\u00e7\u00e3o para ler as obras do filho mais ilustre da cidade\u201d, destacou.<\/p>\n<p>Para o presidente Lenildo Santana, o evento marca o resgate hist\u00f3rico do escritor que relembra de forma preciosa a hist\u00f3ria do cacau, al\u00e9m de incentivar a dissemina\u00e7\u00e3o da cultura na cidade e na regi\u00e3o. \u201cAl\u00e9m de um homem pol\u00edtico, Adonias \u00e9 um exponencial da cultura do pa\u00eds e possui muitas contribui\u00e7\u00f5es para a popula\u00e7\u00e3o local e regional\u201d, revelou.<\/p>\n<p>Na abertura estiveram presentes, o presidente da Funda\u00e7\u00e3o Pedro Calmon, Zul\u00fa Ara\u00fajo, representando o governador Rui Costa, o professor Fernando Oliveira, presidente do Col\u00f3quio Internacional Adonias Filho, a vice-reitora da Universidade Federal do Sul da Bahia, Joanna Ang\u00e9lica Guimar\u00e3es, o professor e diretor do Departamento de Letras e Artes da Uesc, Isa\u00edas Carvalho, representando a reitora da Uesc, o prefeito de Ibicara\u00ed e presidente da Amurc, Lenildo Santana.<\/p>\n<p>Ainda estiveram presentes, o chefe de gabinete Vitor Veiga, que representou o prefeito de Ilh\u00e9us, Jabes Ribeiro, os deputados estaduais Marcelino Galo e Z\u00e9 Neto e a professora Ba\u00edsa Nora, representante da Academia de Letras de Ilh\u00e9us. A Mesa Debatedora contou com a presen\u00e7a da presidente da Alita, S\u00f4nia Maron, o professor Rui P\u00f3voas, a professora Margarida Fahel e o escritor Cyro de Matos.<\/p>\n<p><strong>Hist\u00f3rico<\/strong><\/p>\n<p>Adonias Aguiar Filho, filho de Adonias Aguiar e de Raquel Bastos de Aguiar, nasceu na fazenda S\u00e3o Jo\u00e3o, em Itaju\u00edpe, em 27 de novembro, de 1915. Foi um integralista, jornalista, cr\u00edtico liter\u00e1rio, ensa\u00edsta e romancista brasileiro, membro da Academia Brasileira de Letras. Ele foi consagrado com o t\u00edtulo de imortal pela Academia Brasileira de Letras em 14 de janeiro de 1965. Recebeu em 23 de maio de 1969, a posse da cadeira 21 da Academia Brasileira de Letras pelas m\u00e3os do acad\u00eamico Jorge Amado.<\/p>\n<p>Adonias buscou inspira\u00e7\u00e3o para as suas obras de fic\u00e7\u00e3o na zona cacaueira. Esse ambiente \u00e9 notado logo no seu romance de estreia, &#8220;Os servos da morte&#8221;, publicado em 1946. No romance, aquela realidade serviu-lhe apenas para recriar um mundo carregado de simbolismo, nos epis\u00f3dios e nos personagens, encarnando um sentido tr\u00e1gico da vida e do mundo.<\/p>\n","protected":false},"excerpt":{"rendered":"<p>CLIQUE NA IMAGEM PARA AMPLIAR A vida e a obra do escritor itajuipense, Adonias Aguiar Filho foi apresentada na noite desta quarta-feira, 20, em Itaju\u00edpe, e marcou oficialmente o in\u00edcio das comemora\u00e7\u00f5es do centen\u00e1rio do filho mais ilustre da cidade. At\u00e9 o dia 27 de novembro, data do nascimento do escritor, diversas atividades liter\u00e1rias ser\u00e3o [&hellip;]<\/p>\n","protected":false},"author":2,"featured_media":0,"comment_status":"open","ping_status":"open","sticky":false,"template":"","format":"standard","meta":{"_links_to":"","_links_to_target":""},"categories":[5],"tags":[],"_links":{"self":[{"href":"https:\/\/www.r2cpress.com.br\/v1\/wp-json\/wp\/v2\/posts\/93698"}],"collection":[{"href":"https:\/\/www.r2cpress.com.br\/v1\/wp-json\/wp\/v2\/posts"}],"about":[{"href":"https:\/\/www.r2cpress.com.br\/v1\/wp-json\/wp\/v2\/types\/post"}],"author":[{"embeddable":true,"href":"https:\/\/www.r2cpress.com.br\/v1\/wp-json\/wp\/v2\/users\/2"}],"replies":[{"embeddable":true,"href":"https:\/\/www.r2cpress.com.br\/v1\/wp-json\/wp\/v2\/comments?post=93698"}],"version-history":[{"count":2,"href":"https:\/\/www.r2cpress.com.br\/v1\/wp-json\/wp\/v2\/posts\/93698\/revisions"}],"predecessor-version":[{"id":93701,"href":"https:\/\/www.r2cpress.com.br\/v1\/wp-json\/wp\/v2\/posts\/93698\/revisions\/93701"}],"wp:attachment":[{"href":"https:\/\/www.r2cpress.com.br\/v1\/wp-json\/wp\/v2\/media?parent=93698"}],"wp:term":[{"taxonomy":"category","embeddable":true,"href":"https:\/\/www.r2cpress.com.br\/v1\/wp-json\/wp\/v2\/categories?post=93698"},{"taxonomy":"post_tag","embeddable":true,"href":"https:\/\/www.r2cpress.com.br\/v1\/wp-json\/wp\/v2\/tags?post=93698"}],"curies":[{"name":"wp","href":"https:\/\/api.w.org\/{rel}","templated":true}]}}