{"id":93727,"date":"2015-05-22T20:00:32","date_gmt":"2015-05-22T23:00:32","guid":{"rendered":"http:\/\/www.r2cpress.com.br\/v1\/?p=93727"},"modified":"2015-05-22T09:06:57","modified_gmt":"2015-05-22T12:06:57","slug":"do-fundo-do-bau-de-jose-leite-especial-29","status":"publish","type":"post","link":"https:\/\/www.r2cpress.com.br\/v1\/2015\/05\/22\/do-fundo-do-bau-de-jose-leite-especial-29\/","title":{"rendered":"DO FUNDO DO BA\u00da DE JOS\u00c9 LEITE (ESPECIAL)"},"content":{"rendered":"<p><center><img loading=\"lazy\" src=\"http:\/\/www.r2cpress.com.br\/v1\/wp-content\/uploads\/BAU-NOVO-COM-400.jpg\" width=\"400\" height=\"291\" class=\"aligncenter\" \/><br \/>\n<strong>1)\tA IGREJA PRECISA SE MODERNIZAR?<br \/>\n2)\tAT\u00c9 AS AREIAS SE REVOLTAM.<br \/>\n3)\tO CHAMIN\u00c9 QUE SAIU DA HIST\u00d3RIA.<br \/>\n4)\tAS FOTOS DESTAQUES DA SEMANA.<\/strong><\/center><\/p>\n<p><!--more--><\/p>\n<p><b><center>*****************************************************************************<\/center><\/b><\/p>\n<p>\t<b><center>1) A IGREJA PRECISA DE MODERNIZAR? <\/center><\/b><\/p>\n<p> <center><img loading=\"lazy\" src=\"https:\/\/lh3.googleusercontent.com\/-HqOHEv1lEoI\/VV6LL2rcPoI\/AAAAAAABm8s\/kf2yFdhgkV8\/s600\/1.jpeg\" width=\"600\" height=\"374\" class=\"aligncenter\" \/><\/center><br \/>\nO ARCEBISPO de SALVADOR e PRIMAZ do BRASIL, DOM MURILO S. R. KRIEGER num artigo semanal escrito no jornal A TARDE, edi\u00e7\u00e3o do \u00faltimo dia 26-04-2015 com o t\u00edtulo: A IGREJA PRECISA SE MODERNIZAR? REVEREND\u00cdSSIMO DOM KRIEGER: Aqui tem a resposta desse humilde CAT\u00d3LICO APOST\u00d3LICO ROMANO. SIM, a IGREJA CAT\u00d3LICA precisa se modernizar e com urg\u00eancia, principalmente na moderniza\u00e7\u00e3o de seus TEMPLOS. Outro exemplo: JUAZEIRO DO NORTE no CEAR\u00c1 a 50 anos atr\u00e1s, 95% da popula\u00e7\u00e3o era CAT\u00d3LICA, hoje tem um pouco mais de 60 % depois da chegada de novas IGREJAS com outras denomina\u00e7\u00f5es.<br \/>\nOutro processo que precisa ser modernizado \u00e9 a LENTID\u00c3O para se JULGAR os processos de REABILITA\u00c7\u00c3O, veja o caso do PADRE C\u00cdCERO ROM\u00c3O BATISTA de JUAZEIRO DO NORTE com dezenas de anos EXCOMUNGADO e at\u00e9 hoje sem SOLU\u00c7\u00c3O. Mas minha confian\u00e7a \u00e9 muito grande no sant\u00edssimo PAPA FRANCISCO I, tenho certeza que muito em breve o JUAZEIRO, o CEAR\u00c1 e o BRASIL ter\u00e3o uma grande alegria anunciada pelo nosso PAPA.<br \/>\n OBSERVE NAS FOTOS ABAIXO.<\/p>\n<div style=\"width: 610px\" class=\"wp-caption aligncenter\"><img loading=\"lazy\" src=\"https:\/\/lh3.googleusercontent.com\/-7-8hlcsmlIY\/VV6LO1o4ahI\/AAAAAAABm9c\/shwiRhBxN4I\/s600\/2.jpeg\" width=\"600\" height=\"390\" class \/><p class=\"wp-caption-text\">Na foto acima: CATEDRAL na Avenida Jo\u00e3o Dias, S\u00c3O PAULO da IGREJA UNIVERSAL. Capacidade, 10.000 (dez mil) pessoas sentadas.<\/p><\/div>\n<div style=\"width: 610px\" class=\"wp-caption aligncenter\"><img loading=\"lazy\" src=\"https:\/\/lh3.googleusercontent.com\/-ytbnkli-FRs\/VV6LPUNlw9I\/AAAAAAABm9g\/9dt7jm2edQk\/s600\/3.jpeg\" width=\"600\" height=\"406\" class \/><p class=\"wp-caption-text\">Na foto acima: TEMPLO DE SALOM\u00c3O na Avenida Celso Garcia, Br\u00e1s (S\u00c3O PAULO) da IGREJA UNIVERSAL DO REINO DE DEUS. Acomoda 10.000 (dez mil) fi\u00e9is.<\/p><\/div>\n<div style=\"width: 610px\" class=\"wp-caption aligncenter\"><img loading=\"lazy\" src=\"https:\/\/lh3.googleusercontent.com\/-4831GyjvCNU\/VV6LP-cUvzI\/AAAAAAABm9o\/ngDT8OwclMM\/s600\/4.jpeg\" width=\"600\" height=\"391\" class \/><p class=\"wp-caption-text\">Na foto acima: Templo da IGREJA EVANG\u00c9LICA ASSEMBLEIA DE DEUS na Avenida Celso Garcia, (Br\u00e1s) S\u00c3O PAULO com capacidade para 9.000 (nove mil) fi\u00e9is.<\/p><\/div>\n<div style=\"width: 610px\" class=\"wp-caption aligncenter\"><img loading=\"lazy\" src=\"https:\/\/lh3.googleusercontent.com\/-DwPNDflaKz0\/VV6LQ03fy1I\/AAAAAAABm90\/Lbd8Xis5WxU\/s600\/5.jpeg\" width=\"600\" height=\"392\" class \/><p class=\"wp-caption-text\">Na foto acima: Templo da IGREJA PENTECOSTAL DEUS \u00c9 AMOR considerado um dos maiores Templos Evang\u00e9licos do mundo com capacidade para 60.000 (sessenta mil) pessoas. Fica localizado na Avenida do Estado (Baixada do Glic\u00e9rio) S\u00c3O PAULO.<\/p><\/div>\n<div style=\"width: 342px\" class=\"wp-caption aligncenter\"><img loading=\"lazy\" src=\"https:\/\/lh3.googleusercontent.com\/-tCvc1I_QnOw\/VV6LRd4pRTI\/AAAAAAABm94\/iBv7z5qDATY\/s500\/6.jpeg\" width=\"332\" height=\"500\" class \/><p class=\"wp-caption-text\">Na foto acima: Por ironia do destino essa IGREJA CAT\u00d3LICA DE S\u00c3O JO\u00c3O BATISTA fica na Av. Celso Garcia, (Br\u00e1s) S\u00c3O PAULO de frente ao TEMPLO DE SALOM\u00c3O da IGREJA UNIVERSAL. Agora veja:<br \/>\nCAPACIDADE PARA 200 (DUZENTAS) PESSOAS<br \/><\/p><\/div>\n<div style=\"width: 610px\" class=\"wp-caption aligncenter\"><img loading=\"lazy\" src=\"https:\/\/lh3.googleusercontent.com\/-58g4GPRVrAI\/VV6LS-4sLRI\/AAAAAAABm-I\/sHbnDd4-KVg\/s600\/7.jpeg\" width=\"600\" height=\"321\" class \/><p class=\"wp-caption-text\">CHEGA DE TANTO ESPERAR!<\/p><\/div>\n<p>\t<b><center>2) AT\u00c9 AS AREIAS SE REVOLTARAM. <\/center><\/b><\/p>\n<div style=\"width: 610px\" class=\"wp-caption aligncenter\"><img loading=\"lazy\" src=\"https:\/\/lh3.googleusercontent.com\/-2RLAqFRyFDs\/VV6LSXqZohI\/AAAAAAABm-A\/PciJOOno0gc\/s600\/8.JPG\" width=\"600\" height=\"450\" class \/><p class=\"wp-caption-text\">06:00 HORAS DA MANH\u00c3 NA PRAIA DO CRISTO.<br \/>\nA vis\u00e3o \u00e9 de um amanhecer LINDO, mas de tristeza para nossa cidade de ILH\u00c9US. Esse caminh\u00e3o, na foto acima, est\u00e1 levando para GOI\u00c1S, O \u00daLTIMO TUBO que seria utilizado na CONSTRU\u00c7\u00c3O DA PONTE ILH\u00c9US\/PONTAL. Fotografei e sa\u00ed com os olhos lacrimejando.<br \/><\/p><\/div>\n<div style=\"width: 610px\" class=\"wp-caption aligncenter\"><img loading=\"lazy\" src=\"https:\/\/lh3.googleusercontent.com\/-mG5llrkomqM\/VV6LTRm2JQI\/AAAAAAABm-Q\/8y9p9ASpJ0E\/s600\/9.JPG\" width=\"600\" height=\"450\" class \/><p class=\"wp-caption-text\">AT\u00c9 AS AREIAS DA PRAIA SE REVOLTARAM, atolando o caminh\u00e3o para ele n\u00e3o poder sair. Mas n\u00e3o teve jeito. AT\u00c9 QUANDO VAMOS PASSAR POR ISSO MEU BOM DEUS?<\/p><\/div>\n<p>\t<b><center>3) O CHAMIN\u00c9 QUE SAIU DA HIST\u00d3RIA. <\/center><\/b><\/p>\n<div style=\"width: 353px\" class=\"wp-caption aligncenter\"><img loading=\"lazy\" src=\"https:\/\/lh3.googleusercontent.com\/-Cd1n7D2RY08\/VV6LMtGDAWI\/AAAAAAABm80\/OIjpDiBZoyg\/s500\/10.jpeg\" width=\"343\" height=\"500\" class \/><p class=\"wp-caption-text\">Na foto acima, O CHAMIN\u00c9 da Rua JO\u00c3O TEODORO em S\u00c3O PAULO, conhecido por todos os paulistas que se interessam pela HIST\u00d3RIA DA CIDADE. Tombado pelo PATRIM\u00d4NIO HIST\u00d3RICO, \u00e9 testemunha silenciosa daqueles tempos turbulentos. Guarda at\u00e9 hoje a marca do impacto de uma BALA DE CANH\u00c3O DA MARINHA (observe a marca). Hoje um s\u00edmbolo da RESIST\u00caNCIA PAULISTA aos desmandos do PODER acontecido no ano de 1924 pelas FOR\u00c7AS REVOLUCION\u00c1RIAS que tomaram a cidade de S\u00c3O PAULO.<\/p><\/div>\n<div style=\"width: 610px\" class=\"wp-caption aligncenter\"><img loading=\"lazy\" src=\"https:\/\/lh3.googleusercontent.com\/-gODEo_uKdh0\/VV6LMsUKbNI\/AAAAAAABm8o\/i2Kuysx_YO0\/s600\/11.jpeg\" width=\"600\" height=\"390\" class \/><p class=\"wp-caption-text\">Na foto acima, o que restou do CHAMIN\u00c9 DA USINA VIT\u00d3RIA da firma CACAU INDUSTRIAL E COMERCIAL S.A (ILH\u00c9US), demolida no dia 25 de maio de 2008. O que poderia ser um s\u00edmbolo, lembrando a todos a hist\u00f3ria da 1\u00aa F\u00c1BRICA DE BENEFICIAMENTO DE CACAU DO BRASIL.<br \/>\nUMA PENA, O CHAMIN\u00c9 SAIU DA HIST\u00d3RIA.<br \/><\/p><\/div>\n<p>\t<b><center>4) AS FOTOS DESTAQUES DA SEMANA<\/center><\/b><\/p>\n<div style=\"width: 610px\" class=\"wp-caption aligncenter\"><img loading=\"lazy\" src=\"https:\/\/lh3.googleusercontent.com\/-NHiTaYO2Pw4\/VV6LM2P0GMI\/AAAAAAABm88\/cpB_K7ledos\/s600\/12.jpeg\" width=\"600\" height=\"393\" class \/><p class=\"wp-caption-text\">Muito bom o \u201cALMO\u00c7O DO BODE\u201d realizado na LOJA MA\u00c7\u00d4NICA REGENERA\u00c7\u00c3O SUL BAHIANA no \u00faltimo s\u00e1bado (16-05-2015). Presen\u00e7a de dois irm\u00e3os Ma\u00e7ons fortes Dr. ADALBERTO e ROBERTO PAIX\u00c3O.<\/p><\/div>\n<div style=\"width: 610px\" class=\"wp-caption aligncenter\"><img loading=\"lazy\" src=\"https:\/\/lh3.googleusercontent.com\/-whkjQe2Xpas\/VV6LNbC7OJI\/AAAAAAABm9E\/uaNj8JODczU\/s600\/13.jpeg\" width=\"600\" height=\"388\" class \/><p class=\"wp-caption-text\">Na foto de 20 anos atr\u00e1s, companheiro PAULO GANEM (CDL) na festa de 1 ANO DE JOS\u00c9 LEITE DE SOUZA FILHO (ZEZINHO) (12-04-1995).<\/p><\/div>\n<div style=\"width: 610px\" class=\"wp-caption aligncenter\"><img loading=\"lazy\" src=\"https:\/\/lh3.googleusercontent.com\/-j3Pmc5-lGF8\/VV6LNySBKxI\/AAAAAAABm9I\/i1x_O2KfxG0\/s600\/14.jpeg\" width=\"600\" height=\"445\" class \/><p class=\"wp-caption-text\">42 ANOS ATR\u00c1S (1973), comemora\u00e7\u00e3o do anivers\u00e1rio da saudosa MATERNIDADE SANTA ISABEL. Identificamos da foto: CONCEI\u00c7\u00c3O LOPES (a 1\u00aa da esquerda para a direita), Dr. JOS\u00c9 MOURA COSTA (apagando as velinhas) e Dr. ARISTEU CAMPOS ao fundo. Todos os tr\u00eas hoje no REINO DA GL\u00d3RIA.<\/p><\/div>\n<p><b><center>E NO MAIS&#8230; <\/center><\/b><\/p>\n<p><b><center>NA PRAIA DE S\u00c3O MIGUEL&#8230; <\/center><\/b><\/p>\n<div style=\"width: 610px\" class=\"wp-caption aligncenter\"><img loading=\"lazy\" src=\"https:\/\/lh3.googleusercontent.com\/-DZgsrLvuxsI\/VV6LO8VBXpI\/AAAAAAABm9Y\/JDm1t5jITTo\/s600\/15.jpeg\" width=\"600\" height=\"383\" class \/><p class=\"wp-caption-text\">VOC\u00ca A\u00cd. EST\u00c1 VENDO UMA REDE NA FOTO ACIMA?<br \/>\n\u00c9 NELA QUE JOS\u00c9 LEITE VAI FICAR NESSE DOMINGO.<br \/>\nQUE CASTIGO!<br \/><\/p><\/div>\n<p>&#8212;<br \/>\n<span style=\"color: blue;\"><b>Para ver o BA\u00da da semana passada clique<\/b><a href=\"http:\/\/www.r2cpress.com.br\/v1\/2015\/05\/15\/do-fundo-do-bau-de-jose-leite-201\/\" target=\"_news\"><b> AQUI.<\/b><\/a><\/span><\/p>\n<p>&#8212;<br \/>\nTexto e fotos: Jos\u00e9 Leite de Souza<br \/>\njleitesouza@hotmail.com<br \/>\n(73) 3634-3134<\/p>\n","protected":false},"excerpt":{"rendered":"<p>1) A IGREJA PRECISA SE MODERNIZAR? 2) AT\u00c9 AS AREIAS SE REVOLTAM. 3) O CHAMIN\u00c9 QUE SAIU DA HIST\u00d3RIA. 4) AS FOTOS DESTAQUES DA SEMANA.<\/p>\n","protected":false},"author":2,"featured_media":0,"comment_status":"open","ping_status":"open","sticky":false,"template":"","format":"standard","meta":{"_links_to":"","_links_to_target":""},"categories":[10],"tags":[],"_links":{"self":[{"href":"https:\/\/www.r2cpress.com.br\/v1\/wp-json\/wp\/v2\/posts\/93727"}],"collection":[{"href":"https:\/\/www.r2cpress.com.br\/v1\/wp-json\/wp\/v2\/posts"}],"about":[{"href":"https:\/\/www.r2cpress.com.br\/v1\/wp-json\/wp\/v2\/types\/post"}],"author":[{"embeddable":true,"href":"https:\/\/www.r2cpress.com.br\/v1\/wp-json\/wp\/v2\/users\/2"}],"replies":[{"embeddable":true,"href":"https:\/\/www.r2cpress.com.br\/v1\/wp-json\/wp\/v2\/comments?post=93727"}],"version-history":[{"count":2,"href":"https:\/\/www.r2cpress.com.br\/v1\/wp-json\/wp\/v2\/posts\/93727\/revisions"}],"predecessor-version":[{"id":93729,"href":"https:\/\/www.r2cpress.com.br\/v1\/wp-json\/wp\/v2\/posts\/93727\/revisions\/93729"}],"wp:attachment":[{"href":"https:\/\/www.r2cpress.com.br\/v1\/wp-json\/wp\/v2\/media?parent=93727"}],"wp:term":[{"taxonomy":"category","embeddable":true,"href":"https:\/\/www.r2cpress.com.br\/v1\/wp-json\/wp\/v2\/categories?post=93727"},{"taxonomy":"post_tag","embeddable":true,"href":"https:\/\/www.r2cpress.com.br\/v1\/wp-json\/wp\/v2\/tags?post=93727"}],"curies":[{"name":"wp","href":"https:\/\/api.w.org\/{rel}","templated":true}]}}