{"id":93784,"date":"2015-05-24T13:38:12","date_gmt":"2015-05-24T16:38:12","guid":{"rendered":"http:\/\/www.r2cpress.com.br\/v1\/?p=93784"},"modified":"2015-05-24T13:38:12","modified_gmt":"2015-05-24T16:38:12","slug":"campanha-de-vacinacao-contra-gripe-e-prorrogada","status":"publish","type":"post","link":"https:\/\/www.r2cpress.com.br\/v1\/2015\/05\/24\/campanha-de-vacinacao-contra-gripe-e-prorrogada\/","title":{"rendered":"Campanha de vacina\u00e7\u00e3o contra gripe \u00e9 prorrogada"},"content":{"rendered":"<p align=\"center\"><i>Prazo seria encerrado nesta sexta-feira, 22 de maio, mas se estender\u00e1 at\u00e9 5 de junho<\/i><\/p>\n<p>A Secretaria de Sa\u00fade (Sesau) de <span class=\"il\">Ilh\u00e9us<\/span> informa que a campanha de vacina\u00e7\u00e3o contra a gripe foi prorrogada. O prazo seria encerrado nesta sexta-feira, 22 de maio, mas se estender\u00e1 at\u00e9 5 de junho. A imuniza\u00e7\u00e3o visa grupos priorit\u00e1rios, como crian\u00e7as na faixa entre 6 meses e 5 anos incompletos, idosos, trabalhadores da sa\u00fade, povos ind\u00edgenas, gestantes, mulheres at\u00e9 45 dias ap\u00f3s o parto, presos e funcion\u00e1rios do sistema prisional.<\/p>\n<p>Tamb\u00e9m ser\u00e3o vacinadas pessoas com doen\u00e7as cr\u00f4nicas n\u00e3o transmiss\u00edveis ou com condi\u00e7\u00f5es cl\u00ednicas especiais. Neste caso, \u00e9 preciso levar uma prescri\u00e7\u00e3o m\u00e9dica especificando o motivo da indica\u00e7\u00e3o da dose. Pacientes que participam de programas de controle de doen\u00e7as cr\u00f4nicas no Sistema \u00danico de Sa\u00fade devem procurar os postos onde est\u00e3o cadastrados para receber a dose, sem necessidade da prescri\u00e7\u00e3o m\u00e9dica.<\/p>\n<p>Em toda a Bahia, a popula\u00e7\u00e3o que precisa ser vacinada chega a 3,3 milh\u00f5es. At\u00e9 esta sexta-feira, foram imunizadas 1.096.675 pessoas, que representa um percentual de apenas 37,23%.\u00a0Iniciada em 4 de maio, a campanha promoveu, no \u00faltimo dia 9, em <span class=\"il\">Ilh\u00e9us<\/span>, o chamado \u201cDia D\u201d. O trabalho, que aconteceu das 8 \u00e0s 17h, em 19 postos e unidades de sa\u00fade da cidade, imunizou 4.680 pessoas.<\/p>\n<p>Desde o dia nove, os postos de sa\u00fade da zona rural do munic\u00edpio tamb\u00e9m oferecem a imuniza\u00e7\u00e3o. Al\u00e9m de todos os postos do per\u00edmetro urbano, as doses est\u00e3o dispon\u00edveis nas\u00a0localidades rurais de Aritagu\u00e1, Sambaituba, S\u00e3o Jo\u00e3o, Campinhos, Urucutuca, Vila Ol\u00edmpio, Ribeira das Pedras, Banco Central, Banco do Pedro, Carobeira e Castelo Novo.<\/p>\n<p><b>Postos \u2013<\/b>\u00a0Respons\u00e1vel pelo setor de Imuniza\u00e7\u00e3o da Sesau,\u00a0Walk\u00edria Cardeal chama aten\u00e7\u00e3o para o fato de que v\u00e1rios postos e unidades de sa\u00fade seguir\u00e3o realizando o trabalho de imuniza\u00e7\u00e3o: Cae III (antigo Sesp), manh\u00e3 e tarde; PSF (Programa Sa\u00fade da Fam\u00edlia) da Conquista, tarde; Herval Soledade, manh\u00e3; PSF do Nelson Costa, manh\u00e3 e tarde; PSF do N. S. da Vit\u00f3ria, manh\u00e3; Oliven\u00e7a, manh\u00e3; PSF do Iguape, manh\u00e3 e tarde; Sarah, manh\u00e3 e tarde; Dr. Euller \u00c1zaro (Teot\u00f4nio Vilela), manh\u00e3 e tarde; Banco da Vit\u00f3ria, tarde; e Vila Cachoeira, manh\u00e3.<\/p>\n","protected":false},"excerpt":{"rendered":"<p>Prazo seria encerrado nesta sexta-feira, 22 de maio, mas se estender\u00e1 at\u00e9 5 de junho A Secretaria de Sa\u00fade (Sesau) de Ilh\u00e9us informa que a campanha de vacina\u00e7\u00e3o contra a gripe foi prorrogada. O prazo seria encerrado nesta sexta-feira, 22 de maio, mas se estender\u00e1 at\u00e9 5 de junho. A imuniza\u00e7\u00e3o visa grupos priorit\u00e1rios, como [&hellip;]<\/p>\n","protected":false},"author":2,"featured_media":0,"comment_status":"open","ping_status":"open","sticky":false,"template":"","format":"standard","meta":{"_links_to":"","_links_to_target":""},"categories":[23,24],"tags":[],"_links":{"self":[{"href":"https:\/\/www.r2cpress.com.br\/v1\/wp-json\/wp\/v2\/posts\/93784"}],"collection":[{"href":"https:\/\/www.r2cpress.com.br\/v1\/wp-json\/wp\/v2\/posts"}],"about":[{"href":"https:\/\/www.r2cpress.com.br\/v1\/wp-json\/wp\/v2\/types\/post"}],"author":[{"embeddable":true,"href":"https:\/\/www.r2cpress.com.br\/v1\/wp-json\/wp\/v2\/users\/2"}],"replies":[{"embeddable":true,"href":"https:\/\/www.r2cpress.com.br\/v1\/wp-json\/wp\/v2\/comments?post=93784"}],"version-history":[{"count":1,"href":"https:\/\/www.r2cpress.com.br\/v1\/wp-json\/wp\/v2\/posts\/93784\/revisions"}],"predecessor-version":[{"id":93785,"href":"https:\/\/www.r2cpress.com.br\/v1\/wp-json\/wp\/v2\/posts\/93784\/revisions\/93785"}],"wp:attachment":[{"href":"https:\/\/www.r2cpress.com.br\/v1\/wp-json\/wp\/v2\/media?parent=93784"}],"wp:term":[{"taxonomy":"category","embeddable":true,"href":"https:\/\/www.r2cpress.com.br\/v1\/wp-json\/wp\/v2\/categories?post=93784"},{"taxonomy":"post_tag","embeddable":true,"href":"https:\/\/www.r2cpress.com.br\/v1\/wp-json\/wp\/v2\/tags?post=93784"}],"curies":[{"name":"wp","href":"https:\/\/api.w.org\/{rel}","templated":true}]}}