{"id":93786,"date":"2015-05-24T18:42:25","date_gmt":"2015-05-24T21:42:25","guid":{"rendered":"http:\/\/www.r2cpress.com.br\/v1\/?p=93786"},"modified":"2015-05-24T18:42:25","modified_gmt":"2015-05-24T21:42:25","slug":"guerra-as-arvores-em-ilheus","status":"publish","type":"post","link":"https:\/\/www.r2cpress.com.br\/v1\/2015\/05\/24\/guerra-as-arvores-em-ilheus\/","title":{"rendered":"GUERRA \u00c0S \u00c1RVORES EM ILH\u00c9US"},"content":{"rendered":"<p><em><img loading=\"lazy\" class=\"alignleft\" src=\"http:\/\/www.r2cpress.com.br\/v1\/wp-content\/uploads\/2014\/11\/FOTO-ARTIGOS-JULIO-GOMES.jpg\" alt=\"\" width=\"300\" height=\"250\" \/>Desta vez, vou me permitir um texto que vai da cr\u00edtica \u00e0 mais mordaz ironia. Vamos l\u00e1:<\/em><\/p>\n<p>Precisamos, urgentemente, criar uma for\u00e7a-tarefa para arrancar todas as \u00e1rvores de Ilh\u00e9us!<\/p>\n<p>Todos os dias cidad\u00e3os encaminham \u00e0 Prefeitura in\u00fameros pedidos e requerimentos administrativos para que o Poder P\u00fablico Municipal fa\u00e7a o corte de \u00e1rvores, a maioria delas situada em im\u00f3veis particulares.<\/p>\n<p>A Prefeitura, por sua vez, possui um setor denominado Parques e Jardins, que n\u00e3o consegue jamais cuidar nem de parques, nem de jardins, pois passa o tempo todo cortando \u00e1rvores, muitas e muitas delas situadas em terrenos e casas privados.<\/p>\n<p>\u00c9 claro que n\u00e3o \u00e9 atribui\u00e7\u00e3o do Poder P\u00fablico cortar ou podar \u00e1rvores em im\u00f3veis particulares. Mas os gestores de nosso Munic\u00edpio, desde a \u00e9poca dos coron\u00e9is-intendentes at\u00e9 os atuais prefeitos, nunca deixaram de faz\u00ea-lo, afinal tanto \u00e9 uma forma de usar a m\u00e1quina p\u00fablica em favor de particulares, incluindo a si pr\u00f3prios; como de us\u00e1-la para fazer m\u00e9dia com os \u201camigos\u201d e depois pedir um votinho. Une-se o \u00fatil ao agrad\u00e1vel!<\/p>\n<p>Todos sabem que \u00e1rvores causam impag\u00e1vel preju\u00edzo ao quebrar tubula\u00e7\u00f5es e estragar passeios. Que sujam as ruas o tempo todo com folhas, galhos e, por vezes, at\u00e9 com flores, sendo, sem d\u00favida alguma, as \u00fanicas culpadas pela imund\u00edcie em que se encontra a nossa cidade!<\/p>\n<p><!--more--><\/p>\n<p>\u00c1rvores jogam seus galhos sobre os carros, quebrando-os. Se forem frut\u00edferas ou florirem, a\u00ed ent\u00e3o a sujeira ser\u00e1 absolutamente insuport\u00e1vel, al\u00e9m de ter o inconveniente de, vez por outra, alimentar a um faminto ou fazer a alegria de uma crian\u00e7a!<\/p>\n<p>\u00c1rvores estragam as funda\u00e7\u00f5es das casas, impedem que se visualize a propaganda que est\u00e1 na fachada dos com\u00e9rcios \u2013 e todos n\u00f3s sabemos o quanto a propaganda embeleza uma cidade!<\/p>\n<p>Elas tamb\u00e9m atrapalham o acesso \u00e0s garagens e impedem os carros de ter maior n\u00famero de vagas para estacionamento, sendo, sem d\u00favida, sinal de atraso provocado pela natureza, que precisa ser imediatamente dominada, vencida e abatida, pois atravanca a urbaniza\u00e7\u00e3o, a ind\u00fastria e o com\u00e9rcio. \u00c1rvores s\u00e3o, em tudo, contr\u00e1rias ao progresso!<\/p>\n<p>N\u00f3s, cidad\u00e3os, obviamente tamb\u00e9m temos um importante papel a desempenhar nesta guerra \u00e0s \u00e1rvores: Devemos clamar a todos os momentos para que o Munic\u00edpio \u2013 e at\u00e9 mesmo os particulares, por si ou por meio de empresas \u2013 tamb\u00e9m fa\u00e7am sua parte, eliminando \u00e1rvores sempre que poss\u00edvel. N\u00f3s mesmos temos de dar nossa contribui\u00e7\u00e3o pessoal, cortando, quebrando, arrancando as que amea\u00e7am nascer e cimentando p\u00e1tios e jardins, para que se possa prevenir todo o mal que adv\u00e9m do crescimento destes tenebrosos vegetais.<\/p>\n<p>Agindo desta forma, chegar\u00e1 finalmente o dia em que n\u00e3o teremos mais nenhuma \u00fanica \u00e1rvore em Ilh\u00e9us. Nos livraremos para sempre do verde que simboliza o atraso, o primitivismo, e teremos uma cidade inteiramente cal\u00e7ada, cimentada, com o solo todo impermeabilizado para que, assim como hoje ocorre em S\u00e3o Paulo, qualquer chuva um pouco mais forte possa causar terr\u00edveis transtornos, o que servir\u00e1 como prova inequ\u00edvoca de que nos tornamos moradores de uma cidade muito importante!<\/p>\n<p>Nesse dia, poderemos orgulhosamente exportar este modelo civilizat\u00f3rio e urban\u00edstico para o mundo, que decerto ir\u00e1 nos admirar e nos parabenizar\u00e1 pela capacidade que tivemos de realizar plenamente o progresso!<\/p>\n<p>&nbsp;<\/p>\n<p>Julio Cezar de Oliveira Gomes \u2013 Graduado em Hist\u00f3ria e em Direito pela UESC \u2013 Universidade Estadual de Santa Cruz<\/p>\n","protected":false},"excerpt":{"rendered":"<p>Desta vez, vou me permitir um texto que vai da cr\u00edtica \u00e0 mais mordaz ironia. Vamos l\u00e1: Precisamos, urgentemente, criar uma for\u00e7a-tarefa para arrancar todas as \u00e1rvores de Ilh\u00e9us! Todos os dias cidad\u00e3os encaminham \u00e0 Prefeitura in\u00fameros pedidos e requerimentos administrativos para que o Poder P\u00fablico Municipal fa\u00e7a o corte de \u00e1rvores, a maioria delas [&hellip;]<\/p>\n","protected":false},"author":2,"featured_media":0,"comment_status":"open","ping_status":"open","sticky":false,"template":"","format":"standard","meta":{"_links_to":"","_links_to_target":""},"categories":[10],"tags":[],"_links":{"self":[{"href":"https:\/\/www.r2cpress.com.br\/v1\/wp-json\/wp\/v2\/posts\/93786"}],"collection":[{"href":"https:\/\/www.r2cpress.com.br\/v1\/wp-json\/wp\/v2\/posts"}],"about":[{"href":"https:\/\/www.r2cpress.com.br\/v1\/wp-json\/wp\/v2\/types\/post"}],"author":[{"embeddable":true,"href":"https:\/\/www.r2cpress.com.br\/v1\/wp-json\/wp\/v2\/users\/2"}],"replies":[{"embeddable":true,"href":"https:\/\/www.r2cpress.com.br\/v1\/wp-json\/wp\/v2\/comments?post=93786"}],"version-history":[{"count":2,"href":"https:\/\/www.r2cpress.com.br\/v1\/wp-json\/wp\/v2\/posts\/93786\/revisions"}],"predecessor-version":[{"id":93788,"href":"https:\/\/www.r2cpress.com.br\/v1\/wp-json\/wp\/v2\/posts\/93786\/revisions\/93788"}],"wp:attachment":[{"href":"https:\/\/www.r2cpress.com.br\/v1\/wp-json\/wp\/v2\/media?parent=93786"}],"wp:term":[{"taxonomy":"category","embeddable":true,"href":"https:\/\/www.r2cpress.com.br\/v1\/wp-json\/wp\/v2\/categories?post=93786"},{"taxonomy":"post_tag","embeddable":true,"href":"https:\/\/www.r2cpress.com.br\/v1\/wp-json\/wp\/v2\/tags?post=93786"}],"curies":[{"name":"wp","href":"https:\/\/api.w.org\/{rel}","templated":true}]}}