{"id":93824,"date":"2015-05-26T12:12:21","date_gmt":"2015-05-26T15:12:21","guid":{"rendered":"http:\/\/www.r2cpress.com.br\/v1\/?p=93824"},"modified":"2015-05-26T12:12:21","modified_gmt":"2015-05-26T15:12:21","slug":"falta-de-energia-causa-desabastecimento-de-agua-em-ilheus","status":"publish","type":"post","link":"https:\/\/www.r2cpress.com.br\/v1\/2015\/05\/26\/falta-de-energia-causa-desabastecimento-de-agua-em-ilheus\/","title":{"rendered":"Falta de energia causa desabastecimento de \u00e1gua em Ilh\u00e9us"},"content":{"rendered":"<p>A Empresa Baiana de \u00c1guas e Saneamento (Embasa) informa que devido a falta de energia fornecida pela Coelba est\u00e3o paralisadas, desde as 2:20h de hoje (ter\u00e7a-feira, 26 de maio), as esta\u00e7\u00f5es de tratamento de \u00e1gua (ETAs) do Centro e do Pontal, em Ilh\u00e9us.<br \/>\n       A paralisa\u00e7\u00e3o das duas esta\u00e7\u00f5es pode causar desabastecimento no centro da cidade, Banco da Vit\u00f3ria, Pontal, Nelson Costa, Hernani S\u00e1 e litoral sul. At\u00e9 o momento a Coelba n\u00e3o informou uma previs\u00e3o para a regulariza\u00e7\u00e3o do fornecimento de energia.<br \/>\n      A Embasa informa ainda que o abastecimento ser\u00e1 regularizado, gradativamente, em at\u00e9 24 horas ap\u00f3s o restabelecimento da energia.<\/p>\n","protected":false},"excerpt":{"rendered":"<p>A Empresa Baiana de \u00c1guas e Saneamento (Embasa) informa que devido a falta de energia fornecida pela Coelba est\u00e3o paralisadas, desde as 2:20h de hoje (ter\u00e7a-feira, 26 de maio), as esta\u00e7\u00f5es de tratamento de \u00e1gua (ETAs) do Centro e do Pontal, em Ilh\u00e9us. A paralisa\u00e7\u00e3o das duas esta\u00e7\u00f5es pode causar desabastecimento no centro da cidade, [&hellip;]<\/p>\n","protected":false},"author":2,"featured_media":0,"comment_status":"open","ping_status":"open","sticky":false,"template":"","format":"standard","meta":{"_links_to":"","_links_to_target":""},"categories":[29],"tags":[],"_links":{"self":[{"href":"https:\/\/www.r2cpress.com.br\/v1\/wp-json\/wp\/v2\/posts\/93824"}],"collection":[{"href":"https:\/\/www.r2cpress.com.br\/v1\/wp-json\/wp\/v2\/posts"}],"about":[{"href":"https:\/\/www.r2cpress.com.br\/v1\/wp-json\/wp\/v2\/types\/post"}],"author":[{"embeddable":true,"href":"https:\/\/www.r2cpress.com.br\/v1\/wp-json\/wp\/v2\/users\/2"}],"replies":[{"embeddable":true,"href":"https:\/\/www.r2cpress.com.br\/v1\/wp-json\/wp\/v2\/comments?post=93824"}],"version-history":[{"count":1,"href":"https:\/\/www.r2cpress.com.br\/v1\/wp-json\/wp\/v2\/posts\/93824\/revisions"}],"predecessor-version":[{"id":93825,"href":"https:\/\/www.r2cpress.com.br\/v1\/wp-json\/wp\/v2\/posts\/93824\/revisions\/93825"}],"wp:attachment":[{"href":"https:\/\/www.r2cpress.com.br\/v1\/wp-json\/wp\/v2\/media?parent=93824"}],"wp:term":[{"taxonomy":"category","embeddable":true,"href":"https:\/\/www.r2cpress.com.br\/v1\/wp-json\/wp\/v2\/categories?post=93824"},{"taxonomy":"post_tag","embeddable":true,"href":"https:\/\/www.r2cpress.com.br\/v1\/wp-json\/wp\/v2\/tags?post=93824"}],"curies":[{"name":"wp","href":"https:\/\/api.w.org\/{rel}","templated":true}]}}