{"id":93851,"date":"2015-05-27T22:21:39","date_gmt":"2015-05-28T01:21:39","guid":{"rendered":"http:\/\/www.r2cpress.com.br\/v1\/?p=93851"},"modified":"2015-05-27T22:21:39","modified_gmt":"2015-05-28T01:21:39","slug":"secretario-alvaro-gomes-e-o-mais-novo-integrante-do-codefat","status":"publish","type":"post","link":"https:\/\/www.r2cpress.com.br\/v1\/2015\/05\/27\/secretario-alvaro-gomes-e-o-mais-novo-integrante-do-codefat\/","title":{"rendered":"Secret\u00e1rio \u00c1lvaro Gomes \u00e9 o mais novo integrante do Codefat"},"content":{"rendered":"<p style=\"text-align: center;\"><em>Posse do titular da Setre aconteceu na sede do Minist\u00e9rio do Trabalho e Emprego, em Bras\u00edlia, nesta quarta-feira 27.<\/em><\/p>\n<div id=\"attachment_93852\" style=\"width: 560px\" class=\"wp-caption aligncenter\"><a href=\"http:\/\/www.r2cpress.com.br\/v1\/wp-content\/uploads\/2015\/05\/Reuni\u00e3o-CODEFAT.jpg\"><img aria-describedby=\"caption-attachment-93852\" loading=\"lazy\" class=\"size-full wp-image-93852\" src=\"http:\/\/www.r2cpress.com.br\/v1\/wp-content\/uploads\/2015\/05\/Reuni\u00e3o-CODEFAT.jpg\" alt=\"Reuni\u00e3o CODEFAT\" width=\"550\" height=\"413\" srcset=\"https:\/\/www.r2cpress.com.br\/v1\/wp-content\/uploads\/2015\/05\/Reuni\u00e3o-CODEFAT.jpg 550w, https:\/\/www.r2cpress.com.br\/v1\/wp-content\/uploads\/2015\/05\/Reuni\u00e3o-CODEFAT-300x225.jpg 300w\" sizes=\"(max-width: 550px) 100vw, 550px\" \/><\/a><p id=\"caption-attachment-93852\" class=\"wp-caption-text\">Reuni\u00e3o CODEFAT<\/p><\/div>\n<p>O Secret\u00e1rio estadual de trabalho, emprego e renda, \u00c1lvaro Gomes, \u00e9 o mais novo integrante do Conselho Deliberativo do Fundo de Amparo ao Trabalhador, o\u00a0 CODEFAT. A posse foi durante a reuni\u00e3o extraordin\u00e1ria que ocorreu, nesta quarta-feira (27), na sede do Minist\u00e9rio do Trabalho e Emprego, em Bras\u00edlia. Na pauta abordou-se temas como a necessidade de aperfei\u00e7oamento do Sistema Nacional de Emprego &#8211; SINE para o alcance de qualidade no atendimento e o aperfei\u00e7oamento de sua legisla\u00e7\u00e3o.<\/p>\n<p>Titular da Setre destacou o esfor\u00e7o do ministro do Trabalho, Manoel Dias, para aperfei\u00e7oar a legisla\u00e7\u00e3o ora vigente, elaborando um Projeto de Lei a ser constru\u00eddo a partir de discuss\u00e3o com o F\u00f3rum Nacional de Secretarias Estaduais do Trabalho &#8211; FONSET e com institui\u00e7\u00f5es e segmentos relacionados \u00e0 \u00e1rea.<\/p>\n<p>Na avalia\u00e7\u00e3o de \u00c1lvaro Gomes, a grande dificuldade enfrentada pelos estados hoje est\u00e1 na renova\u00e7\u00e3o dos conv\u00eanios e na presta\u00e7\u00e3o de contas. Pois, isso &#8220;atrasa e dificulta as a\u00e7\u00f5es das Secretarias do Trabalho no que diz respeito \u00e0 intermedia\u00e7\u00e3o de m\u00e3o de obra, ao seguro desemprego e \u00e0 qualifica\u00e7\u00e3o&#8221;.<\/p>\n<p>Ele ainda defendeu a transfer\u00eancia direta dos recursos para os estados no lugar da necessidade de se fazer conv\u00eanios com o Minist\u00e9rio do Trabalho. O F\u00f3rum Nacional das Secretarias do Trabalho discutir\u00e1 o tema e dar\u00e1 sua contribui\u00e7\u00e3o para o aperfei\u00e7oamento da Lei. No pr\u00f3ximo dia 10 de junho, haver\u00e1 uma reuni\u00e3o do FONSET com o objetivo de contribuir para solucionar esse, que \u00e9 um dos principais problemas das Secretarias do Trabalho.<\/p>\n","protected":false},"excerpt":{"rendered":"<p>Posse do titular da Setre aconteceu na sede do Minist\u00e9rio do Trabalho e Emprego, em Bras\u00edlia, nesta quarta-feira 27. O Secret\u00e1rio estadual de trabalho, emprego e renda, \u00c1lvaro Gomes, \u00e9 o mais novo integrante do Conselho Deliberativo do Fundo de Amparo ao Trabalhador, o\u00a0 CODEFAT. A posse foi durante a reuni\u00e3o extraordin\u00e1ria que ocorreu, nesta [&hellip;]<\/p>\n","protected":false},"author":2,"featured_media":0,"comment_status":"open","ping_status":"open","sticky":false,"template":"","format":"standard","meta":{"_links_to":"","_links_to_target":""},"categories":[29],"tags":[],"_links":{"self":[{"href":"https:\/\/www.r2cpress.com.br\/v1\/wp-json\/wp\/v2\/posts\/93851"}],"collection":[{"href":"https:\/\/www.r2cpress.com.br\/v1\/wp-json\/wp\/v2\/posts"}],"about":[{"href":"https:\/\/www.r2cpress.com.br\/v1\/wp-json\/wp\/v2\/types\/post"}],"author":[{"embeddable":true,"href":"https:\/\/www.r2cpress.com.br\/v1\/wp-json\/wp\/v2\/users\/2"}],"replies":[{"embeddable":true,"href":"https:\/\/www.r2cpress.com.br\/v1\/wp-json\/wp\/v2\/comments?post=93851"}],"version-history":[{"count":1,"href":"https:\/\/www.r2cpress.com.br\/v1\/wp-json\/wp\/v2\/posts\/93851\/revisions"}],"predecessor-version":[{"id":93853,"href":"https:\/\/www.r2cpress.com.br\/v1\/wp-json\/wp\/v2\/posts\/93851\/revisions\/93853"}],"wp:attachment":[{"href":"https:\/\/www.r2cpress.com.br\/v1\/wp-json\/wp\/v2\/media?parent=93851"}],"wp:term":[{"taxonomy":"category","embeddable":true,"href":"https:\/\/www.r2cpress.com.br\/v1\/wp-json\/wp\/v2\/categories?post=93851"},{"taxonomy":"post_tag","embeddable":true,"href":"https:\/\/www.r2cpress.com.br\/v1\/wp-json\/wp\/v2\/tags?post=93851"}],"curies":[{"name":"wp","href":"https:\/\/api.w.org\/{rel}","templated":true}]}}