{"id":93882,"date":"2015-05-28T23:28:13","date_gmt":"2015-05-29T02:28:13","guid":{"rendered":"http:\/\/www.r2cpress.com.br\/v1\/?p=93882"},"modified":"2015-05-28T23:28:13","modified_gmt":"2015-05-29T02:28:13","slug":"vamos-arrumar-os-nossos-passeioscalcadas","status":"publish","type":"post","link":"https:\/\/www.r2cpress.com.br\/v1\/2015\/05\/28\/vamos-arrumar-os-nossos-passeioscalcadas\/","title":{"rendered":"VAMOS ARRUMAR OS NOSSOS PASSEIOS\/CAL\u00c7ADAS?"},"content":{"rendered":"<p>Ando muito por nossa cidade e tenho observado a p\u00e9ssima qualidade e estado de conserva\u00e7\u00e3o dos nossos passeios\/cal\u00e7adas.<\/p>\n<p>Buracos, desn\u00edveis, obst\u00e1culos, vegeta\u00e7\u00e3o \u00e0s vezes densa, s\u00e3o alguns dos problemas das nossas cal\u00e7adas. E tudo isto compromete a mobilidade dos moradores da nossa cidade e daqueles que nos visitam, e chega at\u00e9 a impedir a movimenta\u00e7\u00e3o dos cadeirantes, idosos, crian\u00e7as e pessoas de qualquer idade que tenham alguma dificuldade de locomo\u00e7\u00e3o.<\/p>\n<p>Aproveite este momento e chegue at\u00e9 a cal\u00e7ada da sua casa ou estabelecimento comercial e d\u00ea uma olhada. Como ela est\u00e1?<\/p>\n<p>Fa\u00e7a a sua parte e juntos vamos exigir que os \u00f3rg\u00e3os p\u00fablicos tamb\u00e9m fa\u00e7am a parte deles.<\/p>\n<p>Agora fa\u00e7a um pouco mais, compartilhe este texto com os seus amigos no facebook. Quem sabe um grande n\u00famero de pessoas n\u00e3o encampa esta campanha e assim Ilh\u00e9us passa a ter passeios\/cal\u00e7adas que garantam a mobilidade de todos.<\/p>\n<div id=\"attachment_93883\" style=\"width: 560px\" class=\"wp-caption aligncenter\"><a href=\"http:\/\/www.r2cpress.com.br\/v1\/wp-content\/uploads\/2015\/05\/Cal\u00e7ada_Mascarenhas.jpg\"><img aria-describedby=\"caption-attachment-93883\" loading=\"lazy\" class=\"size-full wp-image-93883\" src=\"http:\/\/www.r2cpress.com.br\/v1\/wp-content\/uploads\/2015\/05\/Cal\u00e7ada_Mascarenhas.jpg\" alt=\"Cal\u00e7ada_Mascarenhas\" width=\"550\" height=\"411\" srcset=\"https:\/\/www.r2cpress.com.br\/v1\/wp-content\/uploads\/2015\/05\/Cal\u00e7ada_Mascarenhas.jpg 550w, https:\/\/www.r2cpress.com.br\/v1\/wp-content\/uploads\/2015\/05\/Cal\u00e7ada_Mascarenhas-300x224.jpg 300w\" sizes=\"(max-width: 550px) 100vw, 550px\" \/><\/a><p id=\"caption-attachment-93883\" class=\"wp-caption-text\">Cal\u00e7ada_Mascarenhas<\/p><\/div>\n<p><em><strong>Carlos da Silva Mascarenhas<\/strong><\/em><\/p>\n","protected":false},"excerpt":{"rendered":"<p>Ando muito por nossa cidade e tenho observado a p\u00e9ssima qualidade e estado de conserva\u00e7\u00e3o dos nossos passeios\/cal\u00e7adas. Buracos, desn\u00edveis, obst\u00e1culos, vegeta\u00e7\u00e3o \u00e0s vezes densa, s\u00e3o alguns dos problemas das nossas cal\u00e7adas. E tudo isto compromete a mobilidade dos moradores da nossa cidade e daqueles que nos visitam, e chega at\u00e9 a impedir a movimenta\u00e7\u00e3o [&hellip;]<\/p>\n","protected":false},"author":2,"featured_media":0,"comment_status":"open","ping_status":"open","sticky":false,"template":"","format":"standard","meta":{"_links_to":"","_links_to_target":""},"categories":[10],"tags":[],"_links":{"self":[{"href":"https:\/\/www.r2cpress.com.br\/v1\/wp-json\/wp\/v2\/posts\/93882"}],"collection":[{"href":"https:\/\/www.r2cpress.com.br\/v1\/wp-json\/wp\/v2\/posts"}],"about":[{"href":"https:\/\/www.r2cpress.com.br\/v1\/wp-json\/wp\/v2\/types\/post"}],"author":[{"embeddable":true,"href":"https:\/\/www.r2cpress.com.br\/v1\/wp-json\/wp\/v2\/users\/2"}],"replies":[{"embeddable":true,"href":"https:\/\/www.r2cpress.com.br\/v1\/wp-json\/wp\/v2\/comments?post=93882"}],"version-history":[{"count":3,"href":"https:\/\/www.r2cpress.com.br\/v1\/wp-json\/wp\/v2\/posts\/93882\/revisions"}],"predecessor-version":[{"id":93886,"href":"https:\/\/www.r2cpress.com.br\/v1\/wp-json\/wp\/v2\/posts\/93882\/revisions\/93886"}],"wp:attachment":[{"href":"https:\/\/www.r2cpress.com.br\/v1\/wp-json\/wp\/v2\/media?parent=93882"}],"wp:term":[{"taxonomy":"category","embeddable":true,"href":"https:\/\/www.r2cpress.com.br\/v1\/wp-json\/wp\/v2\/categories?post=93882"},{"taxonomy":"post_tag","embeddable":true,"href":"https:\/\/www.r2cpress.com.br\/v1\/wp-json\/wp\/v2\/tags?post=93882"}],"curies":[{"name":"wp","href":"https:\/\/api.w.org\/{rel}","templated":true}]}}