{"id":93887,"date":"2015-05-29T20:00:31","date_gmt":"2015-05-29T23:00:31","guid":{"rendered":"http:\/\/www.r2cpress.com.br\/v1\/?p=93887"},"modified":"2015-05-29T00:13:48","modified_gmt":"2015-05-29T03:13:48","slug":"do-fundo-do-bau-de-jose-leite-202","status":"publish","type":"post","link":"https:\/\/www.r2cpress.com.br\/v1\/2015\/05\/29\/do-fundo-do-bau-de-jose-leite-202\/","title":{"rendered":"DO FUNDO DO BA\u00da DE JOS\u00c9 LEITE"},"content":{"rendered":"<p><center><img loading=\"lazy\" src=\"http:\/\/www.r2cpress.com.br\/v1\/wp-content\/uploads\/Novo-visual-do-Bau_400L21.jpg\" width=\"400\" height=\"320\" class=\"aligncenter\" \/><br \/>\n<strong>1)\t44 ANOS DEPOIS, UM MOURA COSTA NO HOSPITAL REGIONAL.<br \/>\n2)\tAS FOTOS DESTAQUES DA SEMANA.<\/strong><\/center><\/p>\n<p><!--more--><\/p>\n<p><b><center>*********************************************************************************<\/center><\/b><\/p>\n<p>\t<b><center>1) 44 ANOS DEPOIS, UM MOURA COSTA NO HOSPITAL REGIONAL<\/center><\/b><\/p>\n<p>O HOSPITAL REGIONAL GOVERNADOR LUIZ VIANA FILHO foi inaugurado em ILH\u00c9US no m\u00eas de mar\u00e7o de 1971. Naquela \u00e9poca era s\u00f3 alegria, n\u00e3o faltavam m\u00e9dicos para os atendimentos e tinham leitos a vontade. Tamb\u00e9m pudera, naquela \u00e9poca a cidade n\u00e3o tinha mais de 150 mil habitantes.<br \/>\nO primeiro Diretor do HOSPITAL REGIONAL foi o m\u00e9dico Dr. JO\u00c3O MOURA COSTA. Atualmente, 44 anos depois, o Diretor do HOSPITAL REGIONAL \u00e9 o Dr. CL\u00c1UDIO MOURA COSTA, seu sobrinho.<\/p>\n<div style=\"width: 522px\" class=\"wp-caption aligncenter\"><img loading=\"lazy\" src=\"https:\/\/lh3.googleusercontent.com\/-gCZB3ZZe2YI\/VWfR6a6lotI\/AAAAAAABnD0\/uHukM6Z2J3c\/s512\/1.jpg\" width=\"512\" height=\"468\" class \/><p class=\"wp-caption-text\">Observe a foto acima do Jornal DI\u00c1RIO DA TARDE edi\u00e7\u00e3o de 12 de mar\u00e7o de 1971.<\/p><\/div>\n<div style=\"width: 353px\" class=\"wp-caption aligncenter\"><img loading=\"lazy\" src=\"https:\/\/lh3.googleusercontent.com\/-jN-ygE01C1Y\/VWfR8NDZwVI\/AAAAAAABnEI\/moNGPXyW2LE\/s500\/2.jpeg\" width=\"343\" height=\"500\" class \/><p class=\"wp-caption-text\">>Na foto acima o amigo Dr. JO\u00c3O MOURA COSTA, 1\u00ba Diretor do HOSPITAL REGIONAL (1971) com a amiga ALESSANDRA TAVARES. (Foto: 17-02-2015).<br \/>\nJOS\u00c9 LEITE foi apresentado ao SECRET\u00c1RIO DE SA\u00daDE DO GOVERNO DA BAHIA, Dr. F\u00c1BIO VILAS BOAS pelo amigo Deputado Federal, atual Secret\u00e1rio de Rela\u00e7\u00f5es Institucionais (SERIN) JOSIAS GOMES. JOS\u00c9 LEITE n\u00e3o perdeu a oportunidade e reivindicou mais recursos para o HOSPITAL REGIONAL mesmo sabendo que o corte do GOVERNO FEDERAL para sa\u00fade na BAHIA vai ser de 850 MILH\u00d5ES. ARRE \u00c9GUA!<br \/><\/p><\/div>\n<div style=\"width: 610px\" class=\"wp-caption aligncenter\"><img loading=\"lazy\" src=\"https:\/\/lh3.googleusercontent.com\/-qvzTEgFAkLM\/VWfR8s95XJI\/AAAAAAABnEc\/or4SrQ3dj_w\/s600\/3.jpeg\" width=\"600\" height=\"436\" class \/><p class=\"wp-caption-text\">Na foto acima: da esquerda para a direita, o Secret\u00e1rio Estadual (SERIN) JOSIAS GOMES, o Secret\u00e1rio de Sa\u00fade Dr. F\u00c1BIO VILAS BOAS, JOS\u00c9 LEITE e o Diretor do HOSPITAL REGIONAL e amigo Dr. CL\u00c1UDIO MOURA COSTA, filho do saudoso amigo Dr. JOS\u00c9 MOURA COSTA e sobrinho do amigo Dr. JO\u00c3O MOURA COSTA, 1\u00ba Diretor do HOSPITAL REGIONAL DE ILH\u00c9US h\u00e1 44 anos atr\u00e1s (1971). (Foto: 23-05-2015).<\/p><\/div>\n<p><b><center>2) AS FOTOS DESTAQUES DA SEMANA<\/center><\/b><\/p>\n<div style=\"width: 610px\" class=\"wp-caption aligncenter\"><img loading=\"lazy\" src=\"https:\/\/lh3.googleusercontent.com\/-sJ61TTELhao\/VWfR9jh2cCI\/AAAAAAABnEw\/0cjodKIqA2M\/s600\/4.jpeg\" width=\"600\" height=\"428\" class \/><p class=\"wp-caption-text\">A LINHA DE FRENTE DO CINE TEATRO ILH\u00c9US que funcionou at\u00e9 o ano de 1959, onde hoje \u00e9 o TEATRO MUNICIPAL DE ILH\u00c9US. Na foto acima: da esquerda para a direita, D\u00c9LIO VALE (porteiro), GILENO ARA\u00daJO (porteiro, atual dono da sorveteria PONTO CHIC), JOS\u00c9 LAVIGNE (porteiro), JAIME VALE (gerente) e a BILHETEIRA.<\/p><\/div>\n<div style=\"width: 478px\" class=\"wp-caption aligncenter\"><img loading=\"lazy\" src=\"https:\/\/lh3.googleusercontent.com\/-13_fM23OGRg\/VWfR9fXUo0I\/AAAAAAABnEk\/fEFxLGFc1Hs\/s512\/5.jpeg\" width=\"468\" height=\"512\" class \/><p class=\"wp-caption-text\">ESSA FOTO \u00c9 DO FUNDO DO BA\u00da.<br \/>\nImpresso com foto da FUNDA\u00c7\u00c3O JOS\u00c9 DE ANCHIETA que ajudou muito AS CRIAN\u00c7AS POBRES E DESAMPARADAS DE ILH\u00c9US. Fundada em 06-04-1943.<\/p><\/div>\n<div style=\"width: 610px\" class=\"wp-caption aligncenter\"><img loading=\"lazy\" src=\"https:\/\/lh3.googleusercontent.com\/-oKafwI7VbEA\/VWfR-LuHzlI\/AAAAAAABnE4\/06hd6MRxiDY\/s600\/6.jpeg\" width=\"600\" height=\"383\" class \/><p class=\"wp-caption-text\">Atr\u00e1s desse pinheiro existe uma casa e esse senhor na foto \u00e9 CELESTINO FRANCISCO DA SILVA, mestre de obras da casa que JOS\u00c9 LEITE mora h\u00e1 44 anos.<br \/>\nPARAB\u00c9NS MESTRE CELESTINO! QUE CONTINUA TRABALHANDO AT\u00c9 HOJE. (Foto: 25-05-2015).<br \/><\/p><\/div>\n<div style=\"width: 610px\" class=\"wp-caption aligncenter\"><img loading=\"lazy\" src=\"https:\/\/lh3.googleusercontent.com\/-NJhE6oVQhl0\/VWfR-OUXSfI\/AAAAAAABnE0\/mCVoDI-hFGY\/s600\/7.jpeg\" width=\"600\" height=\"412\" class \/><p class=\"wp-caption-text\">QUEM SE LEMBRA? Ha mais ou menos 10 anos atr\u00e1s, ILH\u00c9US j\u00e1 teve um SEM\u00c1FORO DIGITAL que foi instalado na PRA\u00c7A CORONEL PESSOA. Quebrou, jogaram fora.<br \/>\nNuma sala de aula de uma ESCOLA em ILH\u00c9US a professora pergunta aos alunos: QUEM J\u00c1 VIU UM SEM\u00c1FORO DIGITAL? A turma ent\u00e3o respondeu: NINGU\u00c9M.<br \/>\nA professora responde: ENT\u00c3O V\u00c3O VER EM ITABUNA, L\u00c1 TEM V\u00c1RIOS.<br \/><\/p><\/div>\n<div style=\"width: 610px\" class=\"wp-caption aligncenter\"><img loading=\"lazy\" src=\"https:\/\/lh3.googleusercontent.com\/-aitub3-xWuk\/VWfR-sprbmI\/AAAAAAABnFE\/ZqxwOyRQizY\/s600\/8.jpeg\" width=\"600\" height=\"425\" class \/><p class=\"wp-caption-text\">QUEM SE LEMBRA? F\u00c1BRICA DE BISCOITO PARAISO, onde hoje funciona a CRISTAL VE\u00cdCULOS na Avenida Itabuna. Na foto: visita do Governador da BAHIA Dr. ROBERTO SANTOS \u00e0 F\u00c1BRICA. Da esquerda para a direita: ANT\u00d4NIO BRITO (funcion\u00e1rio), Dr. ROBERTO SANTOS, GENTIL PARAISO (dono da F\u00e1brica) e Funcion\u00e1rios. (Foto: 25-03-1978).<\/p><\/div>\n<div style=\"width: 610px\" class=\"wp-caption aligncenter\"><img loading=\"lazy\" src=\"https:\/\/lh3.googleusercontent.com\/-FT9IZybL7Ms\/VWfR_KSCEiI\/AAAAAAABnFI\/dyOJbLCzhTc\/s600\/9.jpg\" width=\"600\" height=\"450\" class \/><p class=\"wp-caption-text\">Muito boa a Reuni\u00e3o-Jantar no Restaurante TOCA DO GRINGO com a presen\u00e7a do amigo candidato a candidato a Prefeito de ILH\u00c9US, LUIZ HENRIQUE UAQUIM. Na foto: da esquerda para a direita, GIVALDO SOBRINHO, Dr. EUSINIO LAVIGNE, ROBERTO SANTANA, JOSU\u00c9 MARCELINO, LUIZ HENRIQUE UAQUIM, JO\u00c3O TAVARES e ANT\u00d4NIO COSTA.<\/p><\/div>\n<div style=\"width: 359px\" class=\"wp-caption aligncenter\"><img loading=\"lazy\" src=\"https:\/\/lh3.googleusercontent.com\/-7Z8YsWvf3Rs\/VWfR6b6qtcI\/AAAAAAABnDs\/7leAptw0zdY\/s500\/10.jpeg\" width=\"349\" height=\"500\" class \/><p class=\"wp-caption-text\">Meu amigo ROBERTO SANTANA (FOLHA DA PRAIA). Pense num cara folgado. Nos s\u00e1bados, a esposa fica comprando no Com\u00e9rcio de ILH\u00c9US e ele nessa tranquilidade na porta de uma loja.<\/p><\/div>\n<div style=\"width: 366px\" class=\"wp-caption aligncenter\"><img loading=\"lazy\" src=\"https:\/\/lh3.googleusercontent.com\/-TccPhoJpZ8U\/VWfR6Lly_bI\/AAAAAAABnDo\/GaOhRZrIKBY\/s500\/11.jpeg\" width=\"356\" height=\"500\" class \/><p class=\"wp-caption-text\">QUEM SE LEMBRA? FAROL que funcionava no MOLE DO PORTO DE ILH\u00c9US. Aumentaram o Mole, constru\u00edram outro FAROL e demoliram esse da foto acima. EITA PESSOAL QUE GOSTA DE DEMOLIR. Na foto, JOS\u00c9 LEITE quando pintava o CABELO DE BRANCO. (Foto: d\u00e9cada de 1990).<\/p><\/div>\n<div style=\"width: 610px\" class=\"wp-caption aligncenter\"><img loading=\"lazy\" src=\"https:\/\/lh3.googleusercontent.com\/-JaFPPPsnWE0\/VWfR6zoBdKI\/AAAAAAABnD4\/OVLP6Ue9jjY\/s600\/12.jpeg\" width=\"600\" height=\"398\" class \/><p class=\"wp-caption-text\">Visita do amigo CARLOS MASCARENHAS, um ilheense que gosta de ILH\u00c9US igual a JOS\u00c9 LEITE. MASCARENHAS! NO PR\u00d3XIMO ANO SE CANDIDATE QUE MEU VOTO \u00c9 SEU.<\/p><\/div>\n<div style=\"width: 610px\" class=\"wp-caption aligncenter\"><img loading=\"lazy\" src=\"https:\/\/lh3.googleusercontent.com\/-V0Pcx0Dkxoo\/VWfR7XNyyyI\/AAAAAAABnEQ\/MVeKndooNUo\/s600\/13.jpeg\" width=\"600\" height=\"451\" class \/><p class=\"wp-caption-text\">PARAB\u00c9NS para o amigo Escriv\u00e3o Dr. PAULO MACHADO de JUAZEIRO DO NORTE que reinaugurou o CART\u00d3RIO MACHADO num lindo pr\u00e9dio na PRA\u00c7A PADRE C\u00cdCERO. (Foto: 18-04-2015).<\/p><\/div>\n<p><b><center>E NO MAIS&#8230; <\/center><\/b><\/p>\n<div style=\"width: 610px\" class=\"wp-caption aligncenter\"><img loading=\"lazy\" src=\"https:\/\/lh3.googleusercontent.com\/-efUIt_t2aRI\/VWfR7mPIRfI\/AAAAAAABnEU\/uY3KHVglmLQ\/s600\/14.jpeg\" width=\"600\" height=\"408\" class \/><p class=\"wp-caption-text\">Meu Tio JOS\u00c9 LEITE (Pai do meu primo FRAN\u00c7A) tem nome de RUA em JUAZEIRO DO NORTE com moradores importantes. Um deles \u00e9 meu amigo professor, escritor e historiador DANIEL WALKER. Quando eu morrer, vou querer uma RUA com o meu nome tamb\u00e9m, mas em ILH\u00c9US. MAS O MELHOR \u00c9 QUE EU N\u00c3O VOU MORRER!<\/p><\/div>\n<p>&#8212;<br \/>\n<span style=\"color: blue;\"><b>Para ver o BA\u00da da semana passada clique<\/b><a href=\"http:\/\/www.r2cpress.com.br\/v1\/2015\/05\/22\/do-fundo-do-bau-de-jose-leite-especial-29\/\" target=\"_news\"><b> AQUI.<\/b><\/a><\/span><\/p>\n<p>&#8212;<br \/>\nTexto e fotos: Jos\u00e9 Leite de Souza<br \/>\njleitesouza@hotmail.com<br \/>\n(73) 3634-3134<\/p>\n","protected":false},"excerpt":{"rendered":"<p>1) 44 ANOS DEPOIS, UM MOURA COSTA NO HOSPITAL REGIONAL. 2) AS FOTOS DESTAQUES DA SEMANA.<\/p>\n","protected":false},"author":2,"featured_media":0,"comment_status":"open","ping_status":"open","sticky":false,"template":"","format":"standard","meta":{"_links_to":"","_links_to_target":""},"categories":[10],"tags":[],"_links":{"self":[{"href":"https:\/\/www.r2cpress.com.br\/v1\/wp-json\/wp\/v2\/posts\/93887"}],"collection":[{"href":"https:\/\/www.r2cpress.com.br\/v1\/wp-json\/wp\/v2\/posts"}],"about":[{"href":"https:\/\/www.r2cpress.com.br\/v1\/wp-json\/wp\/v2\/types\/post"}],"author":[{"embeddable":true,"href":"https:\/\/www.r2cpress.com.br\/v1\/wp-json\/wp\/v2\/users\/2"}],"replies":[{"embeddable":true,"href":"https:\/\/www.r2cpress.com.br\/v1\/wp-json\/wp\/v2\/comments?post=93887"}],"version-history":[{"count":2,"href":"https:\/\/www.r2cpress.com.br\/v1\/wp-json\/wp\/v2\/posts\/93887\/revisions"}],"predecessor-version":[{"id":93889,"href":"https:\/\/www.r2cpress.com.br\/v1\/wp-json\/wp\/v2\/posts\/93887\/revisions\/93889"}],"wp:attachment":[{"href":"https:\/\/www.r2cpress.com.br\/v1\/wp-json\/wp\/v2\/media?parent=93887"}],"wp:term":[{"taxonomy":"category","embeddable":true,"href":"https:\/\/www.r2cpress.com.br\/v1\/wp-json\/wp\/v2\/categories?post=93887"},{"taxonomy":"post_tag","embeddable":true,"href":"https:\/\/www.r2cpress.com.br\/v1\/wp-json\/wp\/v2\/tags?post=93887"}],"curies":[{"name":"wp","href":"https:\/\/api.w.org\/{rel}","templated":true}]}}