{"id":93904,"date":"2015-05-29T14:22:06","date_gmt":"2015-05-29T17:22:06","guid":{"rendered":"http:\/\/www.r2cpress.com.br\/v1\/?p=93904"},"modified":"2015-05-29T14:22:06","modified_gmt":"2015-05-29T17:22:06","slug":"sinebahia-oferece-servicos-no-pacto-pela-vida-e-acao-global","status":"publish","type":"post","link":"https:\/\/www.r2cpress.com.br\/v1\/2015\/05\/29\/sinebahia-oferece-servicos-no-pacto-pela-vida-e-acao-global\/","title":{"rendered":"SineBahia oferece servi\u00e7os\u00a0no Pacto pela Vida e A\u00e7\u00e3o Global"},"content":{"rendered":"<p>O SineBahia confirma participa\u00e7\u00e3o em dois importantes projetos\u00a0 que acontecer\u00e3o neste s\u00e1bado 30, em Salvador. Nos eventos, o \u00f3rg\u00e3o representa a Secretaria do Trabalho, Emprego, Renda e Esporte (Setre) e oferecer\u00e1 servi\u00e7os gratuitos de intermedia\u00e7\u00e3o para o trabalho e emiss\u00e3o de Carteira de Trabalho.<\/p>\n<p>A primeira parceria foi firmada com a Secretaria de Seguran\u00e7a P\u00fablica (SSP), que, atrav\u00e9s do Pacto pela Vida, est\u00e1 levando servi\u00e7os gratuitos para as comunidades e, neste s\u00e1bado 30, atender\u00e1 aos moradores do Bairro da Paz, das 8h \u00e0s 14h, levando o servi\u00e7o de intermedia\u00e7\u00e3o para o trabalho.<\/p>\n<p>No mesmo dia, a capital baiana tamb\u00e9m recebe mais uma edi\u00e7\u00e3o do A\u00e7\u00e3o Global, uma iniciativa da Rede Globo em parceria com agentes p\u00fablicos e privados, que movimenta a popula\u00e7\u00e3o com atividades recreativas, servi\u00e7os gratuitos e orienta\u00e7\u00e3o.<\/p>\n<p>Neste evento, o SineBahia M\u00f3vel leva os servi\u00e7os de emiss\u00e3o de carteira de trabalho e intermedia\u00e7\u00e3o. \u00a0O A\u00e7\u00e3o Global acontece na unidade do Sesc em Piat\u00e3, das 8h \u00e0s 17h.<\/p>\n","protected":false},"excerpt":{"rendered":"<p>O SineBahia confirma participa\u00e7\u00e3o em dois importantes projetos\u00a0 que acontecer\u00e3o neste s\u00e1bado 30, em Salvador. Nos eventos, o \u00f3rg\u00e3o representa a Secretaria do Trabalho, Emprego, Renda e Esporte (Setre) e oferecer\u00e1 servi\u00e7os gratuitos de intermedia\u00e7\u00e3o para o trabalho e emiss\u00e3o de Carteira de Trabalho. A primeira parceria foi firmada com a Secretaria de Seguran\u00e7a P\u00fablica [&hellip;]<\/p>\n","protected":false},"author":2,"featured_media":0,"comment_status":"open","ping_status":"open","sticky":false,"template":"","format":"standard","meta":{"_links_to":"","_links_to_target":""},"categories":[29],"tags":[],"_links":{"self":[{"href":"https:\/\/www.r2cpress.com.br\/v1\/wp-json\/wp\/v2\/posts\/93904"}],"collection":[{"href":"https:\/\/www.r2cpress.com.br\/v1\/wp-json\/wp\/v2\/posts"}],"about":[{"href":"https:\/\/www.r2cpress.com.br\/v1\/wp-json\/wp\/v2\/types\/post"}],"author":[{"embeddable":true,"href":"https:\/\/www.r2cpress.com.br\/v1\/wp-json\/wp\/v2\/users\/2"}],"replies":[{"embeddable":true,"href":"https:\/\/www.r2cpress.com.br\/v1\/wp-json\/wp\/v2\/comments?post=93904"}],"version-history":[{"count":1,"href":"https:\/\/www.r2cpress.com.br\/v1\/wp-json\/wp\/v2\/posts\/93904\/revisions"}],"predecessor-version":[{"id":93905,"href":"https:\/\/www.r2cpress.com.br\/v1\/wp-json\/wp\/v2\/posts\/93904\/revisions\/93905"}],"wp:attachment":[{"href":"https:\/\/www.r2cpress.com.br\/v1\/wp-json\/wp\/v2\/media?parent=93904"}],"wp:term":[{"taxonomy":"category","embeddable":true,"href":"https:\/\/www.r2cpress.com.br\/v1\/wp-json\/wp\/v2\/categories?post=93904"},{"taxonomy":"post_tag","embeddable":true,"href":"https:\/\/www.r2cpress.com.br\/v1\/wp-json\/wp\/v2\/tags?post=93904"}],"curies":[{"name":"wp","href":"https:\/\/api.w.org\/{rel}","templated":true}]}}