{"id":93927,"date":"2015-05-30T21:17:39","date_gmt":"2015-05-31T00:17:39","guid":{"rendered":"http:\/\/www.r2cpress.com.br\/v1\/?p=93927"},"modified":"2015-05-30T21:17:39","modified_gmt":"2015-05-31T00:17:39","slug":"evento-reune-juventude-negra-em-salvador-neste-domingo","status":"publish","type":"post","link":"https:\/\/www.r2cpress.com.br\/v1\/2015\/05\/30\/evento-reune-juventude-negra-em-salvador-neste-domingo\/","title":{"rendered":"Evento re\u00fane juventude negra em Salvador neste domingo"},"content":{"rendered":"<p>O encontro \u2018Juventude Negra em Foco\u2019 vai reunir jovens negros, lideran\u00e7as de organiza\u00e7\u00f5es da sociedade civil e representantes dos poderes p\u00fablicos federal e estadual neste domingo (31), das 13h \u00e0s 18h, no Conselho de Desenvolvimento da Comunidade Negra (CDCN), no bairro do Pelourinho, em Salvador. <\/p>\n<p>Na pauta, o Projeto de Lei 4471\/12 e a PEC 171\/93, que prop\u00f5em, respectivamente, o fim dos \u2018autos de resist\u00eancia\u2019 e a redu\u00e7\u00e3o da maioridade penal de 18 para 16 anos, al\u00e9m da Confer\u00eancia Estadual de Juventude. A Secretaria de Promo\u00e7\u00e3o da Igualdade Racial (Sepromi) estar\u00e1 representada pelo coordenador do Plano Juventude Viva, Cristiano Lima.<\/p>\n<p>&#8230;<br \/>\nSecom  &#8211; Secretaria de Comunica\u00e7\u00e3o Social &#8211; Governo da Bahia<\/p>\n","protected":false},"excerpt":{"rendered":"<p>O encontro \u2018Juventude Negra em Foco\u2019 vai reunir jovens negros, lideran\u00e7as de organiza\u00e7\u00f5es da sociedade civil e representantes dos poderes p\u00fablicos federal e estadual neste domingo (31), das 13h \u00e0s 18h, no Conselho de Desenvolvimento da Comunidade Negra (CDCN), no bairro do Pelourinho, em Salvador. Na pauta, o Projeto de Lei 4471\/12 e a PEC [&hellip;]<\/p>\n","protected":false},"author":2,"featured_media":0,"comment_status":"open","ping_status":"open","sticky":false,"template":"","format":"standard","meta":{"_links_to":"","_links_to_target":""},"categories":[5,29],"tags":[],"_links":{"self":[{"href":"https:\/\/www.r2cpress.com.br\/v1\/wp-json\/wp\/v2\/posts\/93927"}],"collection":[{"href":"https:\/\/www.r2cpress.com.br\/v1\/wp-json\/wp\/v2\/posts"}],"about":[{"href":"https:\/\/www.r2cpress.com.br\/v1\/wp-json\/wp\/v2\/types\/post"}],"author":[{"embeddable":true,"href":"https:\/\/www.r2cpress.com.br\/v1\/wp-json\/wp\/v2\/users\/2"}],"replies":[{"embeddable":true,"href":"https:\/\/www.r2cpress.com.br\/v1\/wp-json\/wp\/v2\/comments?post=93927"}],"version-history":[{"count":1,"href":"https:\/\/www.r2cpress.com.br\/v1\/wp-json\/wp\/v2\/posts\/93927\/revisions"}],"predecessor-version":[{"id":93928,"href":"https:\/\/www.r2cpress.com.br\/v1\/wp-json\/wp\/v2\/posts\/93927\/revisions\/93928"}],"wp:attachment":[{"href":"https:\/\/www.r2cpress.com.br\/v1\/wp-json\/wp\/v2\/media?parent=93927"}],"wp:term":[{"taxonomy":"category","embeddable":true,"href":"https:\/\/www.r2cpress.com.br\/v1\/wp-json\/wp\/v2\/categories?post=93927"},{"taxonomy":"post_tag","embeddable":true,"href":"https:\/\/www.r2cpress.com.br\/v1\/wp-json\/wp\/v2\/tags?post=93927"}],"curies":[{"name":"wp","href":"https:\/\/api.w.org\/{rel}","templated":true}]}}