{"id":94066,"date":"2015-06-05T21:08:47","date_gmt":"2015-06-06T00:08:47","guid":{"rendered":"http:\/\/www.r2cpress.com.br\/v1\/?p=94066"},"modified":"2015-06-05T21:08:47","modified_gmt":"2015-06-06T00:08:47","slug":"psicomundo-paz-pela-compreensao-81a-parte","status":"publish","type":"post","link":"https:\/\/www.r2cpress.com.br\/v1\/2015\/06\/05\/psicomundo-paz-pela-compreensao-81a-parte\/","title":{"rendered":"PSICOMUNDO &#8211; PAZ PELA COMPREENS\u00c3O (81\u00aa PARTE)"},"content":{"rendered":"<p><img loading=\"lazy\" class=\"alignleft\" src=\"http:\/\/www.r2cpress.com.br\/v1\/wp-content\/uploads\/2014\/04\/eduardo-afonso-exterior.jpg\" alt=\"\" width=\"333\" height=\"392\" \/> Enfrentamos escolhas decisivas em que a diferen\u00e7a entre destrui\u00e7\u00e3o e crescimento f\u00e9rtil de nossa civiliza\u00e7\u00e3o \u00e9 termo qualificativo de progresso. At\u00e9 que ponto o indiv\u00edduo deseja realmente conhecer a sua pr\u00f3pria natureza e organizar e resolver os seus problemas internos? Existe a necessidade da realiza\u00e7\u00e3o de uma an\u00e1lise emocional a fim de se ter as coisas no lugar certo. A tradu\u00e7\u00e3o dessa passagem de vida \u00e9 reconcilia\u00e7\u00e3o da esp\u00e9cie humana comandando as a\u00e7\u00f5es organizacionais sociais e pol\u00edticas. E dessa forma dirimir as dificuldades de segurar as emo\u00e7\u00f5es e medir quais os seus esfor\u00e7os para caracterizar meios de vida que sejam melhores e bem absorvidos os benef\u00edcios individuais e coletivos entre todas as popula\u00e7\u00f5es.<\/p>\n<p>O mundo vem transpirando desarmonias e criando conflitos de guerras. Reconhece-se que nada pode ser decidido com uma guerra nuclear. J\u00e1 n\u00e3o podemos nos permitir uma guerra dos trinta anos para conseguir paz atrav\u00e9s de destrui\u00e7\u00f5es. Tamb\u00e9m n\u00e3o podemos nos permitir o que \u00e9 denominado, delicadamente, uma guerra com armas convencionais. Nem, contudo, podemos deixar que uma guerra desesperadora durante v\u00e1rios minutos de armas e arremessos tir\u00e2nicos com cargas de muitos megatons de explosivos at\u00f4micos destrua o mundo nosso de cada dia, t\u00e3o bem edificado a mil\u00eanios de anos. \u00c9 o mesmo que construir resid\u00eancias para acomodar fam\u00edlias e depois atirar fortes labaredas de fogo para destrui\u00e7\u00e3o de tudo edificado com sacrif\u00edcio e desvelo ao longo da vida.<\/p>\n<p>As outras f\u00f3rmulas de vida que existem significando a escravid\u00e3o, a negativa a\u00e7\u00e3o da brutalidade generalizada com a extin\u00e7\u00e3o da liberdade, que vem retirando toda a paz e dignidade, essencialmente a importante para seguir os caminhos da prosperidade.<\/p>\n<p><!--more--><\/p>\n<p>S\u00e3o muitas as expectativas acerca dos lados de povos que est\u00e3o integralmente preparados e armados para a impopularidade, simplesmente porque a concilia\u00e7\u00e3o, o abra\u00e7o e pedido de perd\u00e3o, hoje em dia s\u00e3o considerados como atributos de covardia. Nota-se que diante de tantos contratempos e manifesta\u00e7\u00f5es de \u00e2nsias e gan\u00e2ncias de homens imediatistas e calculistas pela conquista do mundo, nada resiste \u00e0 for\u00e7a do trabalho honesto e preparado para a concretiza\u00e7\u00e3o dos alicerces da \u00e9tica e da honra.<\/p>\n<p>As transa\u00e7\u00f5es de neg\u00f3cios por sua vez, j\u00e1 s\u00e3o meio caminho para a pacifica\u00e7\u00e3o, ficando a meio passo da rendi\u00e7\u00e3o. Torna-se necess\u00e1rio o saneamento de atitudes que aumentam os armamentos, reconhecendo que a amargura n\u00e3o tem prosperidade, as desgra\u00e7as torna-se cada vez mais sinistra, tudo vai esvaziando-se, morrendo todas as poucas esperan\u00e7as dos seres indecisos.<\/p>\n<p>O aprender a escutar com respeito m\u00fatuo e irrestrito ao outro; n\u00e3o ter pressa de responder certos questionamentos, faz com que surja maior oportunidade de acolher de modo mais tranquilo, sem denegrir, sem humilhar e sem desqualificar a figura humana. Medir a necessidade de afeto para o desenvolvimento normal da crian\u00e7a e do adulto est\u00e1 bastante ausente no atual Universo.<\/p>\n<p>Verificamos essas a\u00e7\u00f5es atrav\u00e9s de estudos com crian\u00e7as isoladas, aquelas que est\u00e3o em orfanatos e institui\u00e7\u00f5es de caridade, e tamb\u00e9m, ironicamente originadas de ambientes familiares com pais surradores, os quais foram crian\u00e7as privadas de afeto em seus tempos de inf\u00e2ncia.<\/p>\n<p>Quem n\u00e3o ama e desrespeita os sentimentos das pessoas na face da Terra, agride ou fere fisicamente e profundamente a moral de seres humanos, tende a descarregar desmotivadas atitudes bastante irrevers\u00edveis. A palavra n\u00e3o deve ser o \u00fanico meio de comunica\u00e7\u00e3o, por\u00e9m, em grande medida, um ensejo de percep\u00e7\u00e3o e pensamento partilhado com sil\u00eancio da paz interior.<\/p>\n<p>Imaginamos que tantos desconfortos que afetam o mundo residem de pensamentos das pessoas que se aproximam ou se afastam de Deus, com maior ou menor dura\u00e7\u00e3o, observando a qualidade de maior ou menor pelo seu poder de compreens\u00e3o acerca da f\u00e9 interior. O amor que anima o minist\u00e9rio de Jesus entre os homens \u00e9 aquele mesmo experimentado pelo Filho na uni\u00e3o \u00edntima com o Pai. A Igreja continua a interpelar todos os povos e todas as na\u00e7\u00f5es, porque somente no nome de Cristo a salva\u00e7\u00e3o \u00e9 dada ao homem. O estado de sa\u00fade f\u00edsica e mental direcionam as metas dos indiv\u00edduos dentro da sociedade humana.<\/p>\n<p><strong>Eduardo Afonso &#8211; (73) 8844-9147 &#8211; Ilh\u00e9us-Bahia<\/strong><\/p>\n<p>&#8212;<br \/>\n<strong>PARA LER A 80\u00aa PARTE CLIQUE<\/strong> <a href=\"http:\/\/www.r2cpress.com.br\/v1\/2015\/05\/26\/psicomundo-paz-pela-compreensao-80a-parte\/\" target=\"_news\"><b>AQUI.<\/b><\/a><\/p>\n","protected":false},"excerpt":{"rendered":"<p>Enfrentamos escolhas decisivas em que a diferen\u00e7a entre destrui\u00e7\u00e3o e crescimento f\u00e9rtil de nossa civiliza\u00e7\u00e3o \u00e9 termo qualificativo de progresso. At\u00e9 que ponto o indiv\u00edduo deseja realmente conhecer a sua pr\u00f3pria natureza e organizar e resolver os seus problemas internos? Existe a necessidade da realiza\u00e7\u00e3o de uma an\u00e1lise emocional a fim de se ter as [&hellip;]<\/p>\n","protected":false},"author":2,"featured_media":0,"comment_status":"open","ping_status":"open","sticky":false,"template":"","format":"standard","meta":{"_links_to":"","_links_to_target":""},"categories":[10],"tags":[],"_links":{"self":[{"href":"https:\/\/www.r2cpress.com.br\/v1\/wp-json\/wp\/v2\/posts\/94066"}],"collection":[{"href":"https:\/\/www.r2cpress.com.br\/v1\/wp-json\/wp\/v2\/posts"}],"about":[{"href":"https:\/\/www.r2cpress.com.br\/v1\/wp-json\/wp\/v2\/types\/post"}],"author":[{"embeddable":true,"href":"https:\/\/www.r2cpress.com.br\/v1\/wp-json\/wp\/v2\/users\/2"}],"replies":[{"embeddable":true,"href":"https:\/\/www.r2cpress.com.br\/v1\/wp-json\/wp\/v2\/comments?post=94066"}],"version-history":[{"count":2,"href":"https:\/\/www.r2cpress.com.br\/v1\/wp-json\/wp\/v2\/posts\/94066\/revisions"}],"predecessor-version":[{"id":94068,"href":"https:\/\/www.r2cpress.com.br\/v1\/wp-json\/wp\/v2\/posts\/94066\/revisions\/94068"}],"wp:attachment":[{"href":"https:\/\/www.r2cpress.com.br\/v1\/wp-json\/wp\/v2\/media?parent=94066"}],"wp:term":[{"taxonomy":"category","embeddable":true,"href":"https:\/\/www.r2cpress.com.br\/v1\/wp-json\/wp\/v2\/categories?post=94066"},{"taxonomy":"post_tag","embeddable":true,"href":"https:\/\/www.r2cpress.com.br\/v1\/wp-json\/wp\/v2\/tags?post=94066"}],"curies":[{"name":"wp","href":"https:\/\/api.w.org\/{rel}","templated":true}]}}