{"id":94108,"date":"2015-06-08T12:22:46","date_gmt":"2015-06-08T15:22:46","guid":{"rendered":"http:\/\/www.r2cpress.com.br\/v1\/?p=94108"},"modified":"2015-06-08T12:22:46","modified_gmt":"2015-06-08T15:22:46","slug":"ilheus-curso-no-presidio-advogado-ariston-cardoso","status":"publish","type":"post","link":"https:\/\/www.r2cpress.com.br\/v1\/2015\/06\/08\/ilheus-curso-no-presidio-advogado-ariston-cardoso\/","title":{"rendered":"ILH\u00c9US \/ Curso no Pres\u00eddio Advogado Ariston Cardoso,"},"content":{"rendered":"<p>Iniciou-se no dia de hoje, em uma das salas de aula do Pres\u00eddio Advogado Ariston Cardoso, em Ilh\u00e9us, um Curso de Encanador e Instalador Hidr\u00e1ulico para 20 (vinte) presos, com carga hor\u00e1ria de 100 h\/a, em parceria com o SENAI, qualificando os internos para serem reinseridos na sociedade.<\/p>\n<div id=\"attachment_94109\" style=\"width: 560px\" class=\"wp-caption aligncenter\"><a href=\"http:\/\/www.r2cpress.com.br\/v1\/wp-content\/uploads\/2015\/06\/CURSO-PRES\u00cdDIO.jpg\"><img aria-describedby=\"caption-attachment-94109\" loading=\"lazy\" class=\"size-full wp-image-94109\" src=\"http:\/\/www.r2cpress.com.br\/v1\/wp-content\/uploads\/2015\/06\/CURSO-PRES\u00cdDIO.jpg\" alt=\"CURSO \/ PRES\u00cdDIO\" width=\"550\" height=\"413\" srcset=\"https:\/\/www.r2cpress.com.br\/v1\/wp-content\/uploads\/2015\/06\/CURSO-PRES\u00cdDIO.jpg 550w, https:\/\/www.r2cpress.com.br\/v1\/wp-content\/uploads\/2015\/06\/CURSO-PRES\u00cdDIO-300x225.jpg 300w\" sizes=\"(max-width: 550px) 100vw, 550px\" \/><\/a><p id=\"caption-attachment-94109\" class=\"wp-caption-text\">CURSO \/ PRES\u00cdDIO<\/p><\/div>\n<p>A previs\u00e3o da pr\u00f3xima turma est\u00e1 para o m\u00eas de julho\/15.<\/p>\n","protected":false},"excerpt":{"rendered":"<p>Iniciou-se no dia de hoje, em uma das salas de aula do Pres\u00eddio Advogado Ariston Cardoso, em Ilh\u00e9us, um Curso de Encanador e Instalador Hidr\u00e1ulico para 20 (vinte) presos, com carga hor\u00e1ria de 100 h\/a, em parceria com o SENAI, qualificando os internos para serem reinseridos na sociedade. A previs\u00e3o da pr\u00f3xima turma est\u00e1 para [&hellip;]<\/p>\n","protected":false},"author":2,"featured_media":0,"comment_status":"open","ping_status":"open","sticky":false,"template":"","format":"standard","meta":{"_links_to":"","_links_to_target":""},"categories":[25],"tags":[],"_links":{"self":[{"href":"https:\/\/www.r2cpress.com.br\/v1\/wp-json\/wp\/v2\/posts\/94108"}],"collection":[{"href":"https:\/\/www.r2cpress.com.br\/v1\/wp-json\/wp\/v2\/posts"}],"about":[{"href":"https:\/\/www.r2cpress.com.br\/v1\/wp-json\/wp\/v2\/types\/post"}],"author":[{"embeddable":true,"href":"https:\/\/www.r2cpress.com.br\/v1\/wp-json\/wp\/v2\/users\/2"}],"replies":[{"embeddable":true,"href":"https:\/\/www.r2cpress.com.br\/v1\/wp-json\/wp\/v2\/comments?post=94108"}],"version-history":[{"count":1,"href":"https:\/\/www.r2cpress.com.br\/v1\/wp-json\/wp\/v2\/posts\/94108\/revisions"}],"predecessor-version":[{"id":94110,"href":"https:\/\/www.r2cpress.com.br\/v1\/wp-json\/wp\/v2\/posts\/94108\/revisions\/94110"}],"wp:attachment":[{"href":"https:\/\/www.r2cpress.com.br\/v1\/wp-json\/wp\/v2\/media?parent=94108"}],"wp:term":[{"taxonomy":"category","embeddable":true,"href":"https:\/\/www.r2cpress.com.br\/v1\/wp-json\/wp\/v2\/categories?post=94108"},{"taxonomy":"post_tag","embeddable":true,"href":"https:\/\/www.r2cpress.com.br\/v1\/wp-json\/wp\/v2\/tags?post=94108"}],"curies":[{"name":"wp","href":"https:\/\/api.w.org\/{rel}","templated":true}]}}