{"id":94201,"date":"2015-06-11T12:08:09","date_gmt":"2015-06-11T15:08:09","guid":{"rendered":"http:\/\/www.r2cpress.com.br\/v1\/?p=94201"},"modified":"2015-06-11T12:08:09","modified_gmt":"2015-06-11T15:08:09","slug":"postos-de-saude-sao-recuperados-em-ilheus","status":"publish","type":"post","link":"https:\/\/www.r2cpress.com.br\/v1\/2015\/06\/11\/postos-de-saude-sao-recuperados-em-ilheus\/","title":{"rendered":"Postos de sa\u00fade s\u00e3o recuperados em Ilh\u00e9us"},"content":{"rendered":"<p>Entre as unidades previstas para serem entregues at\u00e9 o final de julho, o secret\u00e1rio de Sa\u00fade, Ant\u00f4nio Ock\u00e9, cita as de Salobrinho, Carobeira, Inema, Rio do Engenho, Sambaituba, Aritagu\u00e1, Santo Ant\u00f4nio, Maria Jape e Lagoa Encantada, al\u00e9m da Policl\u00ednica Municipal Halil Medauar, no bairro da Conquista, e do Posto Avan\u00e7ado de Odontologia Napole\u00e3o Marques, no bairro S\u00e3o Francisco.<\/p>\n<p>A Prefeitura de Ilh\u00e9us promove a recupera\u00e7\u00e3o f\u00edsica de postos e unidades de sa\u00fade. O esfor\u00e7o ocorre no \u00e2mbito do Programa \u201cIlh\u00e9us em A\u00e7\u00e3o \u2013 Cidade de Todos\u201d, estrat\u00e9gia que realiza uma s\u00e9rie de interven\u00e7\u00f5es voltadas para o processo de reorganiza\u00e7\u00e3o do munic\u00edpio. De acordo com o secret\u00e1rio de Sa\u00fade (Sesau), Ant\u00f4nio Ock\u00e9, a proposta \u00e9 dotar a cidade de uma rede de postos e unidades capazes de contribuir para a melhoria e para a amplia\u00e7\u00e3o do atendimento.<\/p>\n<p>Ant\u00f4nio Ock\u00e9 informa que nas pr\u00f3ximas semanas ser\u00e3o entregues \u00e0 popula\u00e7\u00e3o v\u00e1rios equipamentos completamente reformados. Entre eles, as unidades de Salobrinho, Carobeira, Inema, Rio do Engenho, Sambaituba, Aritagu\u00e1, Santo Ant\u00f4nio, Maria Jape e Lagoa Encantada, al\u00e9m da Policl\u00ednica Municipal Halil Medauar, no bairro da Conquista, e do Posto Avan\u00e7ado de Odontologia Napole\u00e3o Marques, no bairro S\u00e3o Francisco.<\/p>\n<p>Na \u00faltima sexta-feira (5), ao lado de diversas autoridades municipais e lideran\u00e7as comunit\u00e1rias, o prefeito Jabes Ribeiro fez a entrega do posto de sa\u00fade de Vila Cachoeira.  A reabertura da unidade, que possui uma equipe formada por t\u00e9cnico e enfermeiro, integra a programa\u00e7\u00e3o comemorativa aos 481 anos de funda\u00e7\u00e3o de Ilh\u00e9us.<\/p>\n<p>Instalado na Rua Adeodata Matilde, o posto de sa\u00fade de Vila Cachoeira foi favorecido com servi\u00e7os de pintura, troca do forro, substitui\u00e7\u00e3o do piso, aquisi\u00e7\u00e3o de novas cadeiras e uma revis\u00e3o completa nos sistemas el\u00e9trico e hidr\u00e1ulico. A unidade oferece, de segunda a sexta-feira, sempre das 7 \u00e0s 13 horas, vacina\u00e7\u00e3o, curativos e servi\u00e7os gerais de enfermagem, al\u00e9m de preventivo e pr\u00e9-natal, entre outros programas.<\/p>\n","protected":false},"excerpt":{"rendered":"<p>Entre as unidades previstas para serem entregues at\u00e9 o final de julho, o secret\u00e1rio de Sa\u00fade, Ant\u00f4nio Ock\u00e9, cita as de Salobrinho, Carobeira, Inema, Rio do Engenho, Sambaituba, Aritagu\u00e1, Santo Ant\u00f4nio, Maria Jape e Lagoa Encantada, al\u00e9m da Policl\u00ednica Municipal Halil Medauar, no bairro da Conquista, e do Posto Avan\u00e7ado de Odontologia Napole\u00e3o Marques, no [&hellip;]<\/p>\n","protected":false},"author":2,"featured_media":0,"comment_status":"open","ping_status":"open","sticky":false,"template":"","format":"standard","meta":{"_links_to":"","_links_to_target":""},"categories":[23,24],"tags":[],"_links":{"self":[{"href":"https:\/\/www.r2cpress.com.br\/v1\/wp-json\/wp\/v2\/posts\/94201"}],"collection":[{"href":"https:\/\/www.r2cpress.com.br\/v1\/wp-json\/wp\/v2\/posts"}],"about":[{"href":"https:\/\/www.r2cpress.com.br\/v1\/wp-json\/wp\/v2\/types\/post"}],"author":[{"embeddable":true,"href":"https:\/\/www.r2cpress.com.br\/v1\/wp-json\/wp\/v2\/users\/2"}],"replies":[{"embeddable":true,"href":"https:\/\/www.r2cpress.com.br\/v1\/wp-json\/wp\/v2\/comments?post=94201"}],"version-history":[{"count":1,"href":"https:\/\/www.r2cpress.com.br\/v1\/wp-json\/wp\/v2\/posts\/94201\/revisions"}],"predecessor-version":[{"id":94202,"href":"https:\/\/www.r2cpress.com.br\/v1\/wp-json\/wp\/v2\/posts\/94201\/revisions\/94202"}],"wp:attachment":[{"href":"https:\/\/www.r2cpress.com.br\/v1\/wp-json\/wp\/v2\/media?parent=94201"}],"wp:term":[{"taxonomy":"category","embeddable":true,"href":"https:\/\/www.r2cpress.com.br\/v1\/wp-json\/wp\/v2\/categories?post=94201"},{"taxonomy":"post_tag","embeddable":true,"href":"https:\/\/www.r2cpress.com.br\/v1\/wp-json\/wp\/v2\/tags?post=94201"}],"curies":[{"name":"wp","href":"https:\/\/api.w.org\/{rel}","templated":true}]}}