{"id":94218,"date":"2015-06-12T20:00:58","date_gmt":"2015-06-12T23:00:58","guid":{"rendered":"http:\/\/www.r2cpress.com.br\/v1\/?p=94218"},"modified":"2015-06-12T11:18:28","modified_gmt":"2015-06-12T14:18:28","slug":"do-fundo-o-bau-de-jose-leite","status":"publish","type":"post","link":"https:\/\/www.r2cpress.com.br\/v1\/2015\/06\/12\/do-fundo-o-bau-de-jose-leite\/","title":{"rendered":"DO FUNDO O BA\u00da DE JOS\u00c9 LEITE."},"content":{"rendered":"<p><center><img loading=\"lazy\" src=\"http:\/\/www.r2cpress.com.br\/v1\/wp-content\/uploads\/Novo-visual-do-Bau_400L21.jpg\" width=\"400\" height=\"320\" class=\"aligncenter\" \/><br \/>\n<strong>1)\tDA S\u00c9RIE: ILH\u00c9US N\u00c3O TEM, MAS DEVERIA TER.<br \/>\n2)\tAS FOTOS DESTAQUES DA SEMANA. <\/strong><\/center><\/p>\n<p><!--more--><\/p>\n<p><b><center>***********************************************************************<\/center><\/b><\/p>\n<p><b><center>1) DA S\u00c9RIE: ILH\u00c9US N\u00c3O TEM, MAS DEVERIA TER. <\/center><\/b><\/p>\n<p>Desde quando a cidade de ILH\u00c9US era uma pequena Vila, ou seja, desde que foi fundada (1534) existia um transporte mar\u00edtimo para fazer a travessia em CANOAS para aquele pequeno lugarejo hoje conhecido como PONTAL, um dos bairros mais importantes da cidade. Com a inaugura\u00e7\u00e3o da Ponte, h\u00e1 49 anos atr\u00e1s (15-08-1966, JOS\u00c9 LEITE estava l\u00e1), um cidad\u00e3o ITABUNENSE achou que o Transporte mar\u00edtimo deveria acabar e acabou mesmo, mandando as LANCHAS para a cidade de VALEN\u00c7A, ficando o transporte sendo feito atrav\u00e9s de \u00d4NIBUS da companhia VIA\u00c7\u00c3O SUL BAHIANA. Hoje a cidade cresceu e continua apenas com uma op\u00e7\u00e3o de transporte para o bairro do PONTAL. AT\u00c9 QUANDO?<\/p>\n<div style=\"width: 610px\" class=\"wp-caption aligncenter\"><img loading=\"lazy\" src=\"https:\/\/lh3.googleusercontent.com\/-alUFvHJeE8Y\/VXrkx6NMZ4I\/AAAAAAABnUo\/n0IqvsduW4M\/s600\/1.jpeg\" width=\"600\" height=\"403\" class \/><p class=\"wp-caption-text\">A PONTE PRESIDENTE DUTRA entre JUAZEIRO na BAHIA e PETROLINA em PERNAMBUCO foi inaugurada muito antes (1950) do que a PONTE LOMANTO JUNIOR, mas o transporte mar\u00edtimo continua. Na foto acima uma das LANCHAS com vista para a cidade de PETROLINA \u2013 PE.<\/p><\/div>\n<div style=\"width: 610px\" class=\"wp-caption aligncenter\"><img loading=\"lazy\" src=\"https:\/\/lh3.googleusercontent.com\/-eNSdLnerBYM\/VXrkz1cEGmI\/AAAAAAABnVA\/6zE9Ti35LsI\/s600\/2.jpeg\" width=\"600\" height=\"385\" class \/><p class=\"wp-caption-text\">JOS\u00c9 LEITE atravessou de LANCHA da cidade de PETROLINA para JUAZEIRO e logo depois clicou essa foto. (Abril\/2013).<\/p><\/div>\n<p><b><center>2) AS FOTOS DESTAQUES DA SEMANA. <\/center><\/b><\/p>\n<div style=\"width: 610px\" class=\"wp-caption aligncenter\"><img loading=\"lazy\" src=\"https:\/\/lh3.googleusercontent.com\/-H7DKiw6cfK0\/VXrk0T7BWoI\/AAAAAAABnVM\/iV5d5Fggw8s\/s600\/3.jpg\" width=\"600\" height=\"408\" class \/><p class=\"wp-caption-text\">VENDENDO ILH\u00c9US PARA O BRASIL E PARA O MUNDO!<br \/>\nJOS\u00c9 LEITE e o ex. Secret\u00e1rio de Turismo de ILH\u00c9US HERMANO FAHNING na FEIRA DA ABAV no RIO CENTER, RIO DE JANEIRO. (Foto: Outubro\/2008).<br \/><\/p><\/div>\n<div style=\"width: 610px\" class=\"wp-caption aligncenter\"><img loading=\"lazy\" src=\"https:\/\/lh3.googleusercontent.com\/-P7POlkt3-xI\/VXrk0yPdKaI\/AAAAAAABnVU\/rZUE-p958Dg\/s600\/4.jpeg\" width=\"600\" height=\"387\" class \/><p class=\"wp-caption-text\">PARAB\u00c9NS para o amigo CESAR BENEVIDES que foi empossado recentemente como Secret\u00e1rio Municipal de Servi\u00e7os Urbanos. ESSE NASCEU PRA TRABALHAR! Na foto: CESAR falando ao microfone. Obs. Festa da entrega do T\u00edtulo de CIDAD\u00c3O ILHEENSE A JOS\u00c9 LEITE DE SOUZA no CLUBE SOCIAL DE ILH\u00c9US. Dos vereadores presentes, na \u00e9poca apenas COSME ARA\u00daJO (terno branco) \u00e9 atualmente vereador. JOS\u00c9 LEITE \u00e9 o de cabe\u00e7a branca.<\/p><\/div>\n<div style=\"width: 610px\" class=\"wp-caption aligncenter\"><img loading=\"lazy\" src=\"https:\/\/lh3.googleusercontent.com\/-w4cYJ-GwdLQ\/VXrk1EySA3I\/AAAAAAABnVk\/7J4KIvZyrbc\/s600\/5.jpeg\" width=\"600\" height=\"406\" class \/><p class=\"wp-caption-text\">E depois de uma semana de muito trabalho, uma hora de lazer n\u00e3o faz mal a ningu\u00e9m. Na foto: JOS\u00c9 LEITE, JABES RIBEIRO (Prefeito de ILH\u00c9US), ALOISIO SANTOS SILVA (Procurador), ANT\u00d4NIO OCKE (Secret\u00e1rio de Sa\u00fade) e JAMIL OCKE (Secret\u00e1rio de Assist\u00eancia Social).<\/p><\/div>\n<div style=\"width: 610px\" class=\"wp-caption aligncenter\"><img loading=\"lazy\" src=\"https:\/\/lh3.googleusercontent.com\/-rvTfDdFNfL8\/VXrk1sag0EI\/AAAAAAABnV0\/onWhVvGsUZY\/s600\/6.jpeg\" width=\"600\" height=\"402\" class \/><p class=\"wp-caption-text\">PARAB\u00c9NS para o querido amigo Dr. GERALDO MENEZES BARBOSA de JUAZEIRO DO NORTE que no \u00faltimo dia (06-06-2015) comemorou 91 anos ainda trabalhando como CIRURGI\u00c3O DENTISTA. Na foto: Dr. GERALDO e o BUSTO de Dr. FLORO BARTOLOMEU DA COSTA ainda no ateli\u00ea.<\/p><\/div>\n<div style=\"width: 610px\" class=\"wp-caption aligncenter\"><img loading=\"lazy\" src=\"https:\/\/lh3.googleusercontent.com\/-P0xATngh9m4\/VXrk2C7DNdI\/AAAAAAABnVw\/IPQtDL1vOl0\/s600\/7.jpeg\" width=\"600\" height=\"415\" class \/><p class=\"wp-caption-text\">Na resid\u00eancia de JOS\u00c9 LEITE h\u00e1 33 anos atr\u00e1s.<br \/>\nEssa MENINADA, todos eles hoje s\u00e3o casados e tem filhos com idade igual a esses da foto ou ainda mais velhos. Destaque para meu afilhado GILSON SERAFIM DA SILVA JUNIOR, esse primeiro.<br \/><\/p><\/div>\n<div style=\"width: 610px\" class=\"wp-caption aligncenter\"><img loading=\"lazy\" src=\"https:\/\/lh3.googleusercontent.com\/-CBTT2AA-FCY\/VXrk2e6i_SI\/AAAAAAABnVo\/XZ5swzxPfi0\/s600\/8.jpeg\" width=\"600\" height=\"246\" class \/><p class=\"wp-caption-text\">QUEM SE LEMBRA? VASP \u2013 VIA\u00c7\u00c3O A\u00c9REA S\u00c3O PAULO S.A.<br \/>\nPassagem comprada por JOS\u00c9 LEITE de ILH\u00c9US para S\u00c3O PAULO em 22-04-1999.<\/p><\/div>\n<div style=\"width: 610px\" class=\"wp-caption aligncenter\"><img loading=\"lazy\" src=\"https:\/\/lh3.googleusercontent.com\/-9yyPW6LAW6o\/VXrk23qKB0I\/AAAAAAABnV4\/eVJR_iusyiU\/s600\/9.jpeg\" width=\"600\" height=\"403\" class \/><p class=\"wp-caption-text\">GOSTO TANTO! Quando vejo uma banda de P\u00cdFANOS eu vou atr\u00e1s.<\/p><\/div>\n<div style=\"width: 610px\" class=\"wp-caption aligncenter\"><img loading=\"lazy\" src=\"https:\/\/lh3.googleusercontent.com\/--ZpYZMJJoHY\/VXrkxzoim2I\/AAAAAAABnUc\/JnLp28hmhCc\/s600\/10.jpeg\" width=\"600\" height=\"401\" class \/><p class=\"wp-caption-text\">Mesas vazias de uma LANCHONETE no AEROPORTO DE SALVADOR. Tamb\u00e9m, uma latinha de cerveja custa R$ 6,50 mais 10% da gorjeta. Num SUPERMERCADO voc\u00ea compra uma latinha por R$ 1,50.<\/p><\/div>\n<div style=\"width: 610px\" class=\"wp-caption aligncenter\"><img loading=\"lazy\" src=\"https:\/\/lh3.googleusercontent.com\/-A5kNpyuK06U\/VXrkxd0QiXI\/AAAAAAABnUM\/6f5loOCytX4\/s600\/11.jpg\" width=\"600\" height=\"402\" class \/><p class=\"wp-caption-text\">ENTENDEU MEU AMIGO, COMPRE AQUI, N\u00c3O COMPRE FORA.<br \/>\nFaixa colocada a 15 anos atr\u00e1s. Na foto, lado esquerdo, Pr\u00e9dio da SECRETARIA DA FAZENDA e lado direito Pr\u00e9dio do BANCO DO BRASIL.<br \/><\/p><\/div>\n<div style=\"width: 610px\" class=\"wp-caption aligncenter\"><img loading=\"lazy\" src=\"https:\/\/lh3.googleusercontent.com\/-r9SDOTpo2LE\/VXrkycd1sBI\/AAAAAAABnUk\/KUjcJBF_ltU\/s600\/12.jpg\" width=\"600\" height=\"402\" class \/><p class=\"wp-caption-text\">Um grande abra\u00e7o para os amigos Dr. GUILHERME PEREIRA (Advogado) e o GENERAL LUIZ HENRIQUE MOURA BARRETO que na \u00faltima quarta-feira (10-06-2015) viajou para a SU\u00c9CIA. BOM DESCANSO AMIGO. (Foto: 17-04-2015).<\/p><\/div>\n<div style=\"width: 610px\" class=\"wp-caption aligncenter\"><img loading=\"lazy\" src=\"https:\/\/lh3.googleusercontent.com\/-ZilF2ruUqFw\/VXrky87y5II\/AAAAAAABnV8\/3v3iM157EJM\/s600\/13.jpeg\" width=\"600\" height=\"357\" class \/><p class=\"wp-caption-text\">Em ILH\u00c9US tem RUA ROTARY, em JUAZEIRO DO NORTE tamb\u00e9m tem, mas \u00e9 RUA ROTARY CLUBE. (Foto clicada por JOS\u00c9 LEITE em 04-04-2015).<\/p><\/div>\n<p><div style=\"width: 363px\" class=\"wp-caption aligncenter\"><img loading=\"lazy\" src=\"https:\/\/lh3.googleusercontent.com\/-e8aLuwFuDDQ\/VXrkzaSnOsI\/AAAAAAABnU4\/ijWJi7GaDQU\/s500\/14.jpeg\" width=\"353\" height=\"500\" class \/><p class=\"wp-caption-text\">Nesse final de semana vou ler o livrinho de cordel escrito pela amiga ROS\u00c2NGELA TEN\u00d3RIO de JUAZEIRO DO NORTE. O livrinho fala sobre O CENTEN\u00c1RIO DE JUAZEIRO NO NORTE comemorado no dia 22-07-2011.<\/p><\/div><br \/>\n<i>Nesse final de semana vou ler o livrinho de cordel escrito pela amiga ROS\u00c2NGELA TEN\u00d3RIO de JUAZEIRO DO NORTE. O livrinho fala sobre O CENTEN\u00c1RIO DE JUAZEIRO NO NORTE comemorado no dia 22-07-2011. <\/i><\/p>\n<p><b><center>E NO MAIS&#8230; <\/center><\/b><\/p>\n<div style=\"width: 338px\" class=\"wp-caption aligncenter\"><img loading=\"lazy\" src=\"https:\/\/lh3.googleusercontent.com\/-alJyxL9qLow\/VXrkzR9cxeI\/AAAAAAABnU8\/YDStJGGcYfE\/s500\/15.jpeg\" width=\"328\" height=\"500\" class \/><p class=\"wp-caption-text\">HOJE 12 DE JUNHO, DIA DOS NAMORADOS.<br \/>\nPARAB\u00c9NS para todos, sejam bonito (como eu) ou feio, branco ou preto, rico ou pobre, jovens ou velhos todos tem o direito de serem felizes para sempre.<br \/>\nFoto clicada por JOS\u00c9 LEITE em 03-04-2015.<br \/><\/p><\/div>\n<p>&#8212;<br \/>\n<span style=\"color: blue;\"><b>Para ver o BA\u00da da semana passada clique<\/b><a href=\"http:\/\/www.r2cpress.com.br\/v1\/2015\/06\/05\/do-fundo-do-bau-de-jose-leite-203\/\" target=\"_news\"><b> AQUI.<\/b><\/a><\/span><\/p>\n<p>&#8212;<br \/>\nTexto e fotos: Jos\u00e9 Leite de Souza.<br \/>\njleitesouza@hotmail.com<br \/>\n(73) 3634-3134<\/p>\n","protected":false},"excerpt":{"rendered":"<p>1) DA S\u00c9RIE: ILH\u00c9US N\u00c3O TEM, MAS DEVERIA TER. 2) AS FOTOS DESTAQUES DA SEMANA.<\/p>\n","protected":false},"author":2,"featured_media":0,"comment_status":"open","ping_status":"open","sticky":false,"template":"","format":"standard","meta":{"_links_to":"","_links_to_target":""},"categories":[10],"tags":[],"_links":{"self":[{"href":"https:\/\/www.r2cpress.com.br\/v1\/wp-json\/wp\/v2\/posts\/94218"}],"collection":[{"href":"https:\/\/www.r2cpress.com.br\/v1\/wp-json\/wp\/v2\/posts"}],"about":[{"href":"https:\/\/www.r2cpress.com.br\/v1\/wp-json\/wp\/v2\/types\/post"}],"author":[{"embeddable":true,"href":"https:\/\/www.r2cpress.com.br\/v1\/wp-json\/wp\/v2\/users\/2"}],"replies":[{"embeddable":true,"href":"https:\/\/www.r2cpress.com.br\/v1\/wp-json\/wp\/v2\/comments?post=94218"}],"version-history":[{"count":1,"href":"https:\/\/www.r2cpress.com.br\/v1\/wp-json\/wp\/v2\/posts\/94218\/revisions"}],"predecessor-version":[{"id":94219,"href":"https:\/\/www.r2cpress.com.br\/v1\/wp-json\/wp\/v2\/posts\/94218\/revisions\/94219"}],"wp:attachment":[{"href":"https:\/\/www.r2cpress.com.br\/v1\/wp-json\/wp\/v2\/media?parent=94218"}],"wp:term":[{"taxonomy":"category","embeddable":true,"href":"https:\/\/www.r2cpress.com.br\/v1\/wp-json\/wp\/v2\/categories?post=94218"},{"taxonomy":"post_tag","embeddable":true,"href":"https:\/\/www.r2cpress.com.br\/v1\/wp-json\/wp\/v2\/tags?post=94218"}],"curies":[{"name":"wp","href":"https:\/\/api.w.org\/{rel}","templated":true}]}}