{"id":94245,"date":"2015-06-13T02:48:19","date_gmt":"2015-06-13T05:48:19","guid":{"rendered":"http:\/\/www.r2cpress.com.br\/v1\/?p=94245"},"modified":"2015-06-13T09:01:56","modified_gmt":"2015-06-13T12:01:56","slug":"forro-do-bode-2015","status":"publish","type":"post","link":"https:\/\/www.r2cpress.com.br\/v1\/2015\/06\/13\/forro-do-bode-2015\/","title":{"rendered":"Forr\u00f3 do Bode 2015"},"content":{"rendered":"<p>O evento tem o carimbo da Loja Ma\u00e7\u00f4nica Regenera\u00e7\u00e3o Sul Bahiana e sua Ala feminina. J\u00e1 \u00e9 uma tradi\u00e7\u00e3o o FORR\u00d3 DO BODE e, h\u00e1 cada ano, vai se superando.<br \/>\n<div id=\"attachment_94246\" style=\"width: 610px\" class=\"wp-caption aligncenter\"><a href=\"http:\/\/www.r2cpress.com.br\/v1\/wp-content\/uploads\/2015\/06\/CAPA21.jpg\"><img aria-describedby=\"caption-attachment-94246\" loading=\"lazy\" src=\"http:\/\/www.r2cpress.com.br\/v1\/wp-content\/uploads\/2015\/06\/CAPA21.jpg\" alt=\"Regenera\u00e7\u00e3o 2015\" width=\"600\" height=\"600\" class=\"size-full wp-image-94246\" srcset=\"https:\/\/www.r2cpress.com.br\/v1\/wp-content\/uploads\/2015\/06\/CAPA21.jpg 600w, https:\/\/www.r2cpress.com.br\/v1\/wp-content\/uploads\/2015\/06\/CAPA21-150x150.jpg 150w, https:\/\/www.r2cpress.com.br\/v1\/wp-content\/uploads\/2015\/06\/CAPA21-300x300.jpg 300w\" sizes=\"(max-width: 600px) 100vw, 600px\" \/><\/a><p id=\"caption-attachment-94246\" class=\"wp-caption-text\">Regenera\u00e7\u00e3o 2015<\/p><\/div> Sal\u00e3o cheio, muita anima\u00e7\u00e3o, m\u00fasica boa, som excelente.  A Loja Ma\u00e7\u00f4nica Elias Ock\u00e9  esteve presente. Foi representada pelo Vener\u00e1vel Mestre Enio Felipe Daud Lima que se fez acompanhar da sua esposa e presidente da Fraternidade Feminina Cruzeiro do SUl, Marcia Santos Lima. Rita,  figurinha el\u00e9trica, irm\u00e3 de Marcia, era uma das mais animadas. Lan\u00e7ou um &#8220;jogadinho&#8221; que at\u00e9 tentaram imitar mas, ningu\u00e9m estava ligado em 220 w.   rsrsrsrsrsrsrs<\/p>\n<p>Fui recepcionado pelo mago dos eventos na Regenera\u00e7\u00e3o, Nylson Valen\u00e7a. Cabra bom e tem sangue doce pra festa. Encontrei uma ruma de gente conhecida, valorosos Irm\u00e3o, matei a saudade do brimo Ock\u00e9 (s\u00f3 n\u00e3o entendi pra que aquela caneta no bolso). O brimo todo organizado para assuntos de festa e l\u00e1 estava a caneta. Deve ter sido para compor o visual, ficar mais &#8216;bunito. Roberto Paix\u00e3o \u00e9 uma alegria s\u00f3. Figura\u00e7a. Gosto dele pra caramba. Silvio, Vener\u00e1vel da Regera\u00e7\u00e3o, tamb\u00e9m entrou no papo al\u00ed no p\u00e9 do balc\u00e3o. Wandewrlei, amigo-irm\u00e3o, novo na \u00e1rea, s\u00f3 observa a zueira rsrsrsrs. Cumprimentei Ricardo Magalh\u00e3es que tava emplacado de forrozeiro, elogiei a eleg\u00e2ncia do nosso Dr Adalberto Eliodoro, decorei os passos de Joelson pra arrasar no pr\u00f3ximo, fiquei admirado do preparo f\u00edsico do nosso Irm\u00e3o Mac\u00e1rio (made in Elias Ock\u00e9), Suzana Patury toda produzida (zanguei porque n\u00e3o teve beijo) &#8230;  e l\u00e1 vou eu &#8230;<\/p>\n<p>Daqui p\u00e1 pouco chegou a grande fera Antonio Firmino Bezerra. O nosso Bezerra com seu sorriso cativante e olhar penetrante estava emplacad\u00edssimo de forrozeiro. Irm\u00e3o graduad\u00edssimo, uma ruma de vezes Vener\u00e1vel,   homem forte da Ma\u00e7onaria e membro destacad\u00edssimo no Tribunal Eleitoral Ma\u00e7\u00f4nico (GOEB). Simplicidade chegou al\u00ed e fez morada. De posi\u00e7\u00f5es firmes ele tem in\u00fameros seguidores. Uma opini\u00e3o dele e pronto: j\u00e1 foi &#8230; <\/p>\n<p>Desconhecia o fato de que o meu Vener\u00e1vel Enio \u00e9 um ex\u00edmio dan\u00e7arino de lambada. Ele com a sua Marcia fizeram com que muita gente parasse de conversar para se concentrar na perfeita harmonia do belo casal. Se eu fizer um mil\u00e9simo do que eles fizerem meu cora\u00e7\u00e3o explode ou, na melhor das hip\u00f3teses, n\u00e3o vai ter ortopedista que coloque minha coluna no lugar kkkkkkkkkkkkkkkkkkkkkk. Quem se aproximou um pouquinho na exibi\u00e7\u00e3o para assuntos de dan\u00e7a foi o amigo e professor universit\u00e1rio Gilvan Tavares. Arrebentou mesmo dan\u00e7ando com sua dign\u00edssima esposa. Al\u00e9m de excelentes dan\u00e7arinos o casal mostrou que sabe fotografar. <\/p>\n<p>Vou entrar na academia, malhar pra caramba, porque ano que vem eu vou ser o &#8216;estrelo&#8217;  do forr\u00f3. Por enquanto, assuntar j\u00e1 est\u00e1  de bom tamanho rsrsrsrsrsrsrs<\/p>\n<p>Abra\u00e7\u00e3o, grato pela acolhida e fiquem com <strong>DEUS <\/strong>(Sempre!).<\/p>\n<p>At\u00e9 ano que vem !!!!!!!<\/p>\n<p>Rabat.&#8217;.<\/p>\n","protected":false},"excerpt":{"rendered":"<p>O evento tem o carimbo da Loja Ma\u00e7\u00f4nica Regenera\u00e7\u00e3o Sul Bahiana e sua Ala feminina. J\u00e1 \u00e9 uma tradi\u00e7\u00e3o o FORR\u00d3 DO BODE e, h\u00e1 cada ano, vai se superando. Sal\u00e3o cheio, muita anima\u00e7\u00e3o, m\u00fasica boa, som excelente. A Loja Ma\u00e7\u00f4nica Elias Ock\u00e9 esteve presente. Foi representada pelo Vener\u00e1vel Mestre Enio Felipe Daud Lima que [&hellip;]<\/p>\n","protected":false},"author":2,"featured_media":0,"comment_status":"open","ping_status":"open","sticky":false,"template":"","format":"standard","meta":{"_links_to":"","_links_to_target":""},"categories":[34],"tags":[],"_links":{"self":[{"href":"https:\/\/www.r2cpress.com.br\/v1\/wp-json\/wp\/v2\/posts\/94245"}],"collection":[{"href":"https:\/\/www.r2cpress.com.br\/v1\/wp-json\/wp\/v2\/posts"}],"about":[{"href":"https:\/\/www.r2cpress.com.br\/v1\/wp-json\/wp\/v2\/types\/post"}],"author":[{"embeddable":true,"href":"https:\/\/www.r2cpress.com.br\/v1\/wp-json\/wp\/v2\/users\/2"}],"replies":[{"embeddable":true,"href":"https:\/\/www.r2cpress.com.br\/v1\/wp-json\/wp\/v2\/comments?post=94245"}],"version-history":[{"count":6,"href":"https:\/\/www.r2cpress.com.br\/v1\/wp-json\/wp\/v2\/posts\/94245\/revisions"}],"predecessor-version":[{"id":94252,"href":"https:\/\/www.r2cpress.com.br\/v1\/wp-json\/wp\/v2\/posts\/94245\/revisions\/94252"}],"wp:attachment":[{"href":"https:\/\/www.r2cpress.com.br\/v1\/wp-json\/wp\/v2\/media?parent=94245"}],"wp:term":[{"taxonomy":"category","embeddable":true,"href":"https:\/\/www.r2cpress.com.br\/v1\/wp-json\/wp\/v2\/categories?post=94245"},{"taxonomy":"post_tag","embeddable":true,"href":"https:\/\/www.r2cpress.com.br\/v1\/wp-json\/wp\/v2\/tags?post=94245"}],"curies":[{"name":"wp","href":"https:\/\/api.w.org\/{rel}","templated":true}]}}