{"id":94262,"date":"2015-06-13T18:14:55","date_gmt":"2015-06-13T21:14:55","guid":{"rendered":"http:\/\/www.r2cpress.com.br\/v1\/?p=94262"},"modified":"2015-06-13T18:14:55","modified_gmt":"2015-06-13T21:14:55","slug":"eduardo-kruschewsky-coluna-poucas-boas-5","status":"publish","type":"post","link":"https:\/\/www.r2cpress.com.br\/v1\/2015\/06\/13\/eduardo-kruschewsky-coluna-poucas-boas-5\/","title":{"rendered":"EDUARDO KRUSCHEWSKY \/ COLUNA POUCAS &#038; BOAS"},"content":{"rendered":"<p><center> <img loading=\"lazy\" src=\"http:\/\/www.r2cpress.com.br\/v1\/wp-content\/uploads\/2015\/05\/COLUNA-POUCAS-BOAS-EDUARDO-KRUSCHEWSKY.jpg\" width=\"600\" height=\"116\" class=\"aligncenter\" \/>  <\/center><strong>UMA PARA DESCONTRAIR (dizem que \u00e9 verdadeira!) \u2013 <\/strong>Um prefeito, conhecido por sua \u201csabedoria e esperteza\u201d, tinha acabado de receber uma grande verba federal para obras municipais, quando foi visit\u00e1-lo um grupo de pessoas ligadas a determinada empreiteira. A secretaria, pelo interfone, anunciou: <em>\u201c- Senhor prefeito, chegou aqui uma COMISS\u00c3O da empreiteira tal&#8230;\u201d<\/em> (nome omitido por este articulista). E o prefeito, distra\u00eddo: <em>\u201c- Tudo bem&#8230; Faz o seguinte: deposita em minha conta no Bradesco\u201d.<\/em><\/p>\n<p><strong>A CONTA N\u00c3O FECHA!:<em> &#8211; <\/em><\/strong>Cortam verbas de ferrovias; de pontes (at\u00e9 a Ilh\u00e9us-Pontal, em minha terra!); da Educa\u00e7\u00e3o; da Sa\u00fade, da Habita\u00e7\u00e3o, etc. etc., deixando o \u201cZ\u00e9 povinho\u201d indignado. N\u00e3o cortam taxas de juros (a Selic j\u00e1 aponta para os 15%, a de Cheque Especial e cart\u00e3o nem se fala&#8230;); as mordomias e maracutaias de governantes de modo geral continuam l\u00e1 em cima; \u201celes\u201d levando vantagem enquanto aumenta luz, \u00e1gua, telefone, cesta b\u00e1sica, etc ., e olhem que n\u00e3o h\u00e1 infla\u00e7\u00e3o (?!) kkkkk S\u00f3 Top, top!! E com esta situa\u00e7\u00e3o, ainda falam em criar facilidades de cr\u00e9dito. Com certeza para termos mais uma l\u00e1urea: O Pa\u00eds dos inadimplentes.<\/p>\n<p><strong>MUDA BRASIL!<\/strong> <em>\u2013 <\/em>Se o brasileiro, em vez de ficar o tempo todo fazendo cr\u00edticas ao governo Dilma, mudasse um pouco o foco para os pol\u00edticos em geral veria que quem legisla neste pa\u00eds s\u00e3o os vereadores, deputados estaduais, federais e senadores. Prefeito, governador e presidente dependem deles para governar. Se eles quiserem qualquer lei \u00e9 aprovada ou vetada, porque \u00e9 deles o poder supremo. Quando querem, at\u00e9 o presidente derrubam. Lembram-se do Collor? Assim, n\u00e3o vendam seus votos por dentaduras, empregos, sand\u00e1lias, material de constru\u00e7\u00e3o e outras coisas. Na hora de votar, procure faz\u00ea-lo em quem \u00e9 honesto! A REFORMA POL\u00cdTICA PRECISA COME\u00c7AR COM A DEPURA\u00c7\u00c3O DA CLASSE POL\u00cdTICA&#8230;<\/p>\n<p><strong>\u00d3DIO ACIMA DE TUDO?<\/strong> <\/p>\n<p><!--more--><\/p>\n<p>O \u00f3dio que prolifera na internet come\u00e7a a ganhar as ruas. Outro dia, o ministro da Fazenda, Guido Mantega, diante da ferocidade das agress\u00f5es verbais sofridas. Semana passada, quinta feira, dia 11, grupos de petistas e opositores trocaram ofensas e palavras de baixo cal\u00e3o, em Salvador- bairro do Rio Vermelho, quando da realiza\u00e7\u00e3o do Congresso do PT. A coisa s\u00f3 n\u00e3o descambou para chutes, sopapos e bordoadas porque a policia esteve presente durante todo o dia&#8230;<\/p>\n<p><strong>AT\u00c9 QUANDO? \u2013 <\/strong>Ningu\u00e9m sabe at\u00e9 onde vai a falta de bom senso de algumas pessoas. Tem gente pensando que prejudicando o semelhante vai ser ouvido o seu clamor. Resultado: fecham rodovias, fecham ruas, queimam \u00f4nibus, destroem equipamentos p\u00fablicos, praticam todo tipo de vandalismo fazendo com que pessoas inocentes paguem o pato. \u00c9 certo isto? O bom senso manda \u2013 isto, sim! \u2013 que o foco das reclama\u00e7\u00f5es seja direcionado para contra quem ou o qu\u00ea se quer reclamar, procurando-se quem pode e deve resolver o problema, evitando que o povo em geral fique prejudicado.<\/p>\n<p><strong><em>AS BOAZINHAS E CURTINHAS<\/em><\/strong><\/p>\n<p>1- O tal do Henrique Pizzolato, ex-diretor do Banco do Brasil (que vergonha para mim, ex-funcion\u00e1rio!), come\u00e7ou uma greve de fome contra a sua extradi\u00e7\u00e3o para o Brasil. Chiquinho de Babau fez blague: \u201c-o<em>ra, ora, seu Edu, com este nome de Pizzolato, greve de fome?! Qual\u00e9, man\u00e9! N\u00e3o vai falta pizza para ele&#8230; Vai, Pizzolato, me engana que eu gosto! C\u00ea, cara de madeira, tem \u00e9 que pagar suas apronta\u00e7\u00f5es aqui no Brasil\u201d.<\/em><\/p>\n<p>2- Como a CPI da Lava Jato vai quebrar sigilos de Dirceu e Instituto Lula, Paulo Okamoto, presidente da institui\u00e7\u00e3o, quis justificar, insinuando que outros pol\u00edticos e partidos tamb\u00e9m \u201cmamaram nas tetas\u201d da Petrobr\u00e1s: <em>\u201c- Vou falar na CPI que houve doa\u00e7\u00f5es, que a gente pede dinheiro e a empresas contribuem. Por que o dinheiro que a gente pede \u00e9 diferente do que os outros pedem? Somos t\u00e3o honestos quanto os outros\u201d.<\/em><\/p>\n<p>3- Enquanto, por aqui, o nosso estudante vem sofrendo o diabo pelo corte de bolsas do FIES, o governo do M\u00e9xico, atrav\u00e9s da Agencia Mexicana de Cooperaci\u00f3n Internacional para El Desarollo (AMEXCID) est\u00e1 oferecendo bolsas para estrangeiros. Quem estiver endere\u00e7ado pode ter acesso ao Edital dispon\u00edvel no site:<\/p>\n<p><a href=\"http:\/\/amexcid.gob.mx\/images\/stories\/becas\/2015-Extranjeros\/general\/espanol\/condiciones-generales-2016-2.pdf\">http:\/\/amexcid.gob.mx\/images\/stories\/becas\/2015-Extranjeros\/general\/espanol\/condiciones-generales-2016-2.pdf<\/a>. Tomara que, como prometeu, o governo volte com a financiar baseado em novos crit\u00e9rios.<\/p>\n<p><strong>VIVA O BRASIL!!<\/strong><\/p>\n<p><strong>N\u00e3o sou homof\u00f3bico, mas vou me permitir um coment\u00e1rio incisivo: Como \u00e9 que os homossexuais querem ser respeitados se alguns deles n\u00e3o respeitam nada? Convenhamos que foi abomin\u00e1vel o que fizeram, num total desrespeito ao povo crist\u00e3o, de maneira especial o cat\u00f3lico, na \u00faltima Parada Gay paulista. \u00c9 voz geral que toda a\u00e7\u00e3o traz uma rea\u00e7\u00e3o em contr\u00e1rio, n\u00e3o \u00e9 assim? Por\u00e9m, um fan\u00e1tico ou um grupo, provavelmente religioso, levou isto ao p\u00e9 da letra, ao assassinar, logo em seguida, um dos culpados pelo desrespeito e colocando-o, na cena do crime, em posi\u00e7\u00e3o de crucificado. N\u00e3o podemos concordar com esta viol\u00eancia absurda! N\u00e3o se pode punir tudo com estupidez, se n\u00e3o viramos animais selvagens, sem tiroc\u00ednio! Outro assunto: Como \u00e9 que querem maioridade aos 16 anos para votar, tirar habilita\u00e7\u00e3o, gerir neg\u00f3cios e at\u00e9 mesmo, por ordem dos pais, ter a maioridade total antecipada se s\u00e3o contra a maioridade penal, fazendo a baderna e o tumulto que fizeram na C\u00e2mara de Deputados?! Quer dizer que o jovem apronta, n\u00e3o respeita a Lei e ele s\u00f3 n\u00e3o pode ser emancipado por isto porque para cometer crime n\u00e3o h\u00e1 discernimento? Fa\u00e7am-me uma garapa de jil\u00f3 que \u00e9 menos amarga! VIVA O BRASIL!! VIVA A FALTA DE RESPEITO AO SEMELHANTE!!! VIVA A IMPUNIDADE AOS 16 ANOS!!!! VIIIII&#8230; VAAAAA!!!!! <\/strong><\/p>\n<p><strong>PARA SUA REFLEX\u00c3O<\/strong><\/p>\n<p><strong><em>\u201cDe tanto ver triunfar as nulidades \/ De tanto ver prosperar a desonra \/ De tanto ver crescer a injusti\u00e7a \/ De tanto ver agigantar-se o poder nas m\u00e3os dos maus \/ O homem chega a desanimar-se das virtudes \/ A rir-se da honra \/ E a ter vergonha de ser honesto\u201d.<\/em><\/strong><\/p>\n<p><strong><em>Ruy Barbosa (1849-1923)<\/em><\/strong><\/p>\n","protected":false},"excerpt":{"rendered":"<p>UMA PARA DESCONTRAIR (dizem que \u00e9 verdadeira!) \u2013 Um prefeito, conhecido por sua \u201csabedoria e esperteza\u201d, tinha acabado de receber uma grande verba federal para obras municipais, quando foi visit\u00e1-lo um grupo de pessoas ligadas a determinada empreiteira. A secretaria, pelo interfone, anunciou: \u201c- Senhor prefeito, chegou aqui uma COMISS\u00c3O da empreiteira tal&#8230;\u201d (nome omitido [&hellip;]<\/p>\n","protected":false},"author":2,"featured_media":0,"comment_status":"open","ping_status":"open","sticky":false,"template":"","format":"standard","meta":{"_links_to":"","_links_to_target":""},"categories":[10],"tags":[],"_links":{"self":[{"href":"https:\/\/www.r2cpress.com.br\/v1\/wp-json\/wp\/v2\/posts\/94262"}],"collection":[{"href":"https:\/\/www.r2cpress.com.br\/v1\/wp-json\/wp\/v2\/posts"}],"about":[{"href":"https:\/\/www.r2cpress.com.br\/v1\/wp-json\/wp\/v2\/types\/post"}],"author":[{"embeddable":true,"href":"https:\/\/www.r2cpress.com.br\/v1\/wp-json\/wp\/v2\/users\/2"}],"replies":[{"embeddable":true,"href":"https:\/\/www.r2cpress.com.br\/v1\/wp-json\/wp\/v2\/comments?post=94262"}],"version-history":[{"count":3,"href":"https:\/\/www.r2cpress.com.br\/v1\/wp-json\/wp\/v2\/posts\/94262\/revisions"}],"predecessor-version":[{"id":94265,"href":"https:\/\/www.r2cpress.com.br\/v1\/wp-json\/wp\/v2\/posts\/94262\/revisions\/94265"}],"wp:attachment":[{"href":"https:\/\/www.r2cpress.com.br\/v1\/wp-json\/wp\/v2\/media?parent=94262"}],"wp:term":[{"taxonomy":"category","embeddable":true,"href":"https:\/\/www.r2cpress.com.br\/v1\/wp-json\/wp\/v2\/categories?post=94262"},{"taxonomy":"post_tag","embeddable":true,"href":"https:\/\/www.r2cpress.com.br\/v1\/wp-json\/wp\/v2\/tags?post=94262"}],"curies":[{"name":"wp","href":"https:\/\/api.w.org\/{rel}","templated":true}]}}