{"id":94287,"date":"2015-06-14T19:36:20","date_gmt":"2015-06-14T22:36:20","guid":{"rendered":"http:\/\/www.r2cpress.com.br\/v1\/?p=94287"},"modified":"2015-06-14T19:36:20","modified_gmt":"2015-06-14T22:36:20","slug":"capacitacao-de-jovens-do-mais-futuro-comeca-nesta-segunda-feira-15","status":"publish","type":"post","link":"https:\/\/www.r2cpress.com.br\/v1\/2015\/06\/14\/capacitacao-de-jovens-do-mais-futuro-comeca-nesta-segunda-feira-15\/","title":{"rendered":"Capacita\u00e7\u00e3o de jovens do Mais Futuro come\u00e7a nesta segunda-feira (15)"},"content":{"rendered":"<p style=\"text-align: justify;\" align=\"center\">As Volunt\u00e1rias Sociais da Bahia (VSBA), em parceria com a Secretaria da Administra\u00e7\u00e3o do Estado (Saeb), iniciam nesta segunda-feira (15) as atividades de mais uma turma de jovens do Mais Futuro, programa estadual de aprendizagem como incentivo ao primeiro emprego. A aula inaugural, com a presen\u00e7a do governador Rui Costa, ser\u00e1 realizada \u00e0s 9h, no Audit\u00f3rio da Secretaria de Infraestrutura do Estado (Seinfra), no Centro Administrativo da Bahia (CAB). Os 165 jovens ir\u00e3o atuar em v\u00e1rias unidades do Servi\u00e7o de Atendimento ao Cidad\u00e3o (SAC), da Saeb, e para a execu\u00e7\u00e3o dos conv\u00eanios, as Volunt\u00e1rias Sociais contam com a parceria da Funda\u00e7\u00e3o Luis Eduardo Magalh\u00e3es (Flem).<\/p>\n<p align=\"justify\"><span style=\"font-size: large;\"><strong>Vulnerabilidade social<\/strong><\/p>\n<p>O Mais Futuro contempla adolescentes e jovens entre 14 e 24 anos, oriundos de escola p\u00fablica e em situa\u00e7\u00e3o de vulnerabilidade social, promovendo sua inser\u00e7\u00e3o no mercado de trabalho formal, sendo tamb\u00e9m respons\u00e1vel por ampliar a oportunidade do primeiro emprego, por meio de forma\u00e7\u00e3o t\u00e9cnico-profissional.<\/p>\n<p>A capacita\u00e7\u00e3o te\u00f3rica inclui mat\u00e9rias de forma\u00e7\u00e3o geral e ainda disciplinas espec\u00edficas da unidade de atua\u00e7\u00e3o, onde o jovem ser\u00e1 capacitado para a fun\u00e7\u00e3o de assistente administrativo. O contrato contempla remunera\u00e7\u00e3o, vale-transporte, aux\u00edlio lanche, plano de sa\u00fade, al\u00e9m da garantia de todos os direitos trabalhistas. A vig\u00eancia ser\u00e1 de dois anos. Os jovens participantes da iniciativa s\u00e3o oriundos do Banco de Aprendizes do Governo da Bahia, resultado do processo seletivo simplificado realizado pela Universidade do Estado da Bahia (Uneb) em 2011.<\/span><\/p>\n<p align=\"justify\"><strong><span style=\"font-family: Times;\">&#8230;<\/span><\/strong><\/p>\n<p><span style=\"font-family: Times;\"><strong>Secom\u00a0<\/strong>\u00a0<strong>&#8211; Secretaria de Comunica\u00e7\u00e3o Social\u00a0&#8211; Governo da Bahia<\/strong><\/span><\/p>\n","protected":false},"excerpt":{"rendered":"<p>As Volunt\u00e1rias Sociais da Bahia (VSBA), em parceria com a Secretaria da Administra\u00e7\u00e3o do Estado (Saeb), iniciam nesta segunda-feira (15) as atividades de mais uma turma de jovens do Mais Futuro, programa estadual de aprendizagem como incentivo ao primeiro emprego. A aula inaugural, com a presen\u00e7a do governador Rui Costa, ser\u00e1 realizada \u00e0s 9h, no [&hellip;]<\/p>\n","protected":false},"author":2,"featured_media":0,"comment_status":"open","ping_status":"open","sticky":false,"template":"","format":"standard","meta":{"_links_to":"","_links_to_target":""},"categories":[29],"tags":[],"_links":{"self":[{"href":"https:\/\/www.r2cpress.com.br\/v1\/wp-json\/wp\/v2\/posts\/94287"}],"collection":[{"href":"https:\/\/www.r2cpress.com.br\/v1\/wp-json\/wp\/v2\/posts"}],"about":[{"href":"https:\/\/www.r2cpress.com.br\/v1\/wp-json\/wp\/v2\/types\/post"}],"author":[{"embeddable":true,"href":"https:\/\/www.r2cpress.com.br\/v1\/wp-json\/wp\/v2\/users\/2"}],"replies":[{"embeddable":true,"href":"https:\/\/www.r2cpress.com.br\/v1\/wp-json\/wp\/v2\/comments?post=94287"}],"version-history":[{"count":4,"href":"https:\/\/www.r2cpress.com.br\/v1\/wp-json\/wp\/v2\/posts\/94287\/revisions"}],"predecessor-version":[{"id":94291,"href":"https:\/\/www.r2cpress.com.br\/v1\/wp-json\/wp\/v2\/posts\/94287\/revisions\/94291"}],"wp:attachment":[{"href":"https:\/\/www.r2cpress.com.br\/v1\/wp-json\/wp\/v2\/media?parent=94287"}],"wp:term":[{"taxonomy":"category","embeddable":true,"href":"https:\/\/www.r2cpress.com.br\/v1\/wp-json\/wp\/v2\/categories?post=94287"},{"taxonomy":"post_tag","embeddable":true,"href":"https:\/\/www.r2cpress.com.br\/v1\/wp-json\/wp\/v2\/tags?post=94287"}],"curies":[{"name":"wp","href":"https:\/\/api.w.org\/{rel}","templated":true}]}}