{"id":94296,"date":"2015-06-15T00:01:36","date_gmt":"2015-06-15T03:01:36","guid":{"rendered":"http:\/\/www.r2cpress.com.br\/v1\/?p=94296"},"modified":"2015-06-14T21:39:04","modified_gmt":"2015-06-15T00:39:04","slug":"mensagem-da-semana-240","status":"publish","type":"post","link":"https:\/\/www.r2cpress.com.br\/v1\/2015\/06\/15\/mensagem-da-semana-240\/","title":{"rendered":"MENSAGEM DA SEMANA"},"content":{"rendered":"<p><strong>Caros amigos e amigas,<\/strong><\/p>\n<p style=\"text-align: center;\"><strong>\u00a0<\/strong><strong>A VERDADE<\/strong><\/p>\n<p>Procure cultivar a verdade, em rela\u00e7\u00e3o aos outros, e tamb\u00e9m em rela\u00e7\u00e3o a voc\u00ea mesmo.<\/p>\n<p>S\u00f3 a verdade nos far\u00e1 chegar \u00e0 perfei\u00e7\u00e3o, porque ela nos faz conhecer o que real e verdadeiramente somos.<\/p>\n<p>E s\u00f3 chegaremos a ser perfeitos quando nos conhecermos, a fim de podermos corrigir-nos de nossos defeitos e lan\u00e7ar-nos \u00e0 conquista das virtudes que nos faltam. (C.Torres Pastorino)<\/p>\n<p><em>Que todos tenham uma semana d<\/em>e PAZ e LUZ, repleta de SA\u00daDE e a BEN\u00c7\u00c3O misericordiosa de DEUS, que \u00e9 um Pai de infinita bondade e amor.<\/p>\n<p style=\"text-align: center;\">\u00a0<strong>Z\u00c9CARLOS JUNIOR<\/strong><\/p>\n","protected":false},"excerpt":{"rendered":"<p>Caros amigos e amigas, \u00a0A VERDADE Procure cultivar a verdade, em rela\u00e7\u00e3o aos outros, e tamb\u00e9m em rela\u00e7\u00e3o a voc\u00ea mesmo. S\u00f3 a verdade nos far\u00e1 chegar \u00e0 perfei\u00e7\u00e3o, porque ela nos faz conhecer o que real e verdadeiramente somos. E s\u00f3 chegaremos a ser perfeitos quando nos conhecermos, a fim de podermos corrigir-nos de [&hellip;]<\/p>\n","protected":false},"author":2,"featured_media":0,"comment_status":"open","ping_status":"open","sticky":false,"template":"","format":"standard","meta":{"_links_to":"","_links_to_target":""},"categories":[17],"tags":[],"_links":{"self":[{"href":"https:\/\/www.r2cpress.com.br\/v1\/wp-json\/wp\/v2\/posts\/94296"}],"collection":[{"href":"https:\/\/www.r2cpress.com.br\/v1\/wp-json\/wp\/v2\/posts"}],"about":[{"href":"https:\/\/www.r2cpress.com.br\/v1\/wp-json\/wp\/v2\/types\/post"}],"author":[{"embeddable":true,"href":"https:\/\/www.r2cpress.com.br\/v1\/wp-json\/wp\/v2\/users\/2"}],"replies":[{"embeddable":true,"href":"https:\/\/www.r2cpress.com.br\/v1\/wp-json\/wp\/v2\/comments?post=94296"}],"version-history":[{"count":1,"href":"https:\/\/www.r2cpress.com.br\/v1\/wp-json\/wp\/v2\/posts\/94296\/revisions"}],"predecessor-version":[{"id":94297,"href":"https:\/\/www.r2cpress.com.br\/v1\/wp-json\/wp\/v2\/posts\/94296\/revisions\/94297"}],"wp:attachment":[{"href":"https:\/\/www.r2cpress.com.br\/v1\/wp-json\/wp\/v2\/media?parent=94296"}],"wp:term":[{"taxonomy":"category","embeddable":true,"href":"https:\/\/www.r2cpress.com.br\/v1\/wp-json\/wp\/v2\/categories?post=94296"},{"taxonomy":"post_tag","embeddable":true,"href":"https:\/\/www.r2cpress.com.br\/v1\/wp-json\/wp\/v2\/tags?post=94296"}],"curies":[{"name":"wp","href":"https:\/\/api.w.org\/{rel}","templated":true}]}}