{"id":94298,"date":"2015-06-15T09:44:30","date_gmt":"2015-06-15T12:44:30","guid":{"rendered":"http:\/\/www.r2cpress.com.br\/v1\/?p=94298"},"modified":"2015-06-15T09:44:30","modified_gmt":"2015-06-15T12:44:30","slug":"presidente-do-ppl-bahia-lanca-dimitri-andrade-como-pre-candidato-a-prefeito-de-ilheus","status":"publish","type":"post","link":"https:\/\/www.r2cpress.com.br\/v1\/2015\/06\/15\/presidente-do-ppl-bahia-lanca-dimitri-andrade-como-pre-candidato-a-prefeito-de-ilheus\/","title":{"rendered":"Presidente do PPL-Bahia lan\u00e7a Dimitri Andrade como pr\u00e9 candidato a prefeito de Ilh\u00e9us"},"content":{"rendered":"<p>Um grande p\u00fablico, prestigiou o lan\u00e7amento do Partido P\u00e1tria Livre (PPL) em Ilh\u00e9us, o evento aconteceu na manh\u00e3 deste domingo (14)\u00a0no audit\u00f3rio do Barravento Praia Hotel. O lan\u00e7amento contou com a presen\u00e7a do Presidente Estadual da sigla,\u00a0Ubiraci Oliveira, que tamb\u00e9m \u00e9 membro da executiva nacional da legenda e presidente da Central Geral dos Trabalhadores do Brasil (CGTB).<\/p>\n<div id=\"attachment_94299\" style=\"width: 560px\" class=\"wp-caption aligncenter\"><a href=\"http:\/\/www.r2cpress.com.br\/v1\/wp-content\/uploads\/2015\/06\/DIMITRI-01.jpg\"><img aria-describedby=\"caption-attachment-94299\" loading=\"lazy\" class=\"size-full wp-image-94299\" src=\"http:\/\/www.r2cpress.com.br\/v1\/wp-content\/uploads\/2015\/06\/DIMITRI-01.jpg\" alt=\"01\" width=\"550\" height=\"351\" srcset=\"https:\/\/www.r2cpress.com.br\/v1\/wp-content\/uploads\/2015\/06\/DIMITRI-01.jpg 550w, https:\/\/www.r2cpress.com.br\/v1\/wp-content\/uploads\/2015\/06\/DIMITRI-01-300x191.jpg 300w\" sizes=\"(max-width: 550px) 100vw, 550px\" \/><\/a><p id=\"caption-attachment-94299\" class=\"wp-caption-text\">01<\/p><\/div>\n<div id=\"attachment_94300\" style=\"width: 560px\" class=\"wp-caption aligncenter\"><a href=\"http:\/\/www.r2cpress.com.br\/v1\/wp-content\/uploads\/2015\/06\/DIMITRI-02.jpg\"><img aria-describedby=\"caption-attachment-94300\" loading=\"lazy\" class=\"size-full wp-image-94300\" src=\"http:\/\/www.r2cpress.com.br\/v1\/wp-content\/uploads\/2015\/06\/DIMITRI-02.jpg\" alt=\"02\" width=\"550\" height=\"322\" srcset=\"https:\/\/www.r2cpress.com.br\/v1\/wp-content\/uploads\/2015\/06\/DIMITRI-02.jpg 550w, https:\/\/www.r2cpress.com.br\/v1\/wp-content\/uploads\/2015\/06\/DIMITRI-02-300x175.jpg 300w\" sizes=\"(max-width: 550px) 100vw, 550px\" \/><\/a><p id=\"caption-attachment-94300\" class=\"wp-caption-text\">02<\/p><\/div>\n<p>Com o audit\u00f3rio lotado de lideran\u00e7as comunit\u00e1rias, pol\u00edticos, profissionais de imprensa, de ilh\u00e9us e outras cidades, o primeiro a falar foi o presidente da Comiss\u00e3o Provis\u00f3ria do Partido em Ilh\u00e9us,\u00a0Dimitri Andrade \u2013 empres\u00e1rio, advogado e professor universit\u00e1rio, al\u00e9m de Secret\u00e1rio de Finan\u00e7as estadual do PPL. Na sua fala, Dimitri apresentou ao p\u00fablico, os diretores que v\u00e3o comandar e organizar o partido a n\u00edvel municipal, e disse que espera poder ajudar a fazer mudan\u00e7as significativas para o bem da sociedade ilheense.<\/p>\n<p>Ap\u00f3s v\u00e1rios discursos de apoio a legenda, o presidente estadual Ubiraci Oliveira, muito emocionado, disse que estava feliz por ver um audit\u00f3rio lotado em pleno domingo, numa cidade de belas praias. Segundo ele, isso \u00e9 a demonstra\u00e7\u00e3o de que o partido est\u00e1 no caminho certo.<\/p>\n<p>Com cr\u00edticas ao governo Dilma Rouseff, Bira, como \u00e9 conhecido, colocou que antes da elei\u00e7\u00e3o, n\u00e3o se falava em cortar direitos dos trabalhadores, depois tudo mudou, pegando os brasileiros, e at\u00e9 mesmo partidos aliados, de surpresa. Ele falou tamb\u00e9m que o PPL ter\u00e1 candidato a prefeito nas elei\u00e7\u00f5es de 2016. \u201cDimitri \u00e9 um companheiro que pode fazer a diferen\u00e7a na gest\u00e3o dessa cidade, e ser\u00e1 o nome do PPL para prefeito\u201d. Finalizou Oliveira, sendo aplaudido de p\u00e9.<\/p>\n<p>Conhe\u00e7a um pouco mais do PPL acessando<\/p>\n<p><a href=\"http:\/\/www.partidopatrialivre.org.br\/\">www.partidopatrialivre.org.br<\/a>.<\/p>\n","protected":false},"excerpt":{"rendered":"<p>Um grande p\u00fablico, prestigiou o lan\u00e7amento do Partido P\u00e1tria Livre (PPL) em Ilh\u00e9us, o evento aconteceu na manh\u00e3 deste domingo (14)\u00a0no audit\u00f3rio do Barravento Praia Hotel. O lan\u00e7amento contou com a presen\u00e7a do Presidente Estadual da sigla,\u00a0Ubiraci Oliveira, que tamb\u00e9m \u00e9 membro da executiva nacional da legenda e presidente da Central Geral dos Trabalhadores do [&hellip;]<\/p>\n","protected":false},"author":2,"featured_media":0,"comment_status":"open","ping_status":"open","sticky":false,"template":"","format":"standard","meta":{"_links_to":"","_links_to_target":""},"categories":[22],"tags":[],"_links":{"self":[{"href":"https:\/\/www.r2cpress.com.br\/v1\/wp-json\/wp\/v2\/posts\/94298"}],"collection":[{"href":"https:\/\/www.r2cpress.com.br\/v1\/wp-json\/wp\/v2\/posts"}],"about":[{"href":"https:\/\/www.r2cpress.com.br\/v1\/wp-json\/wp\/v2\/types\/post"}],"author":[{"embeddable":true,"href":"https:\/\/www.r2cpress.com.br\/v1\/wp-json\/wp\/v2\/users\/2"}],"replies":[{"embeddable":true,"href":"https:\/\/www.r2cpress.com.br\/v1\/wp-json\/wp\/v2\/comments?post=94298"}],"version-history":[{"count":1,"href":"https:\/\/www.r2cpress.com.br\/v1\/wp-json\/wp\/v2\/posts\/94298\/revisions"}],"predecessor-version":[{"id":94301,"href":"https:\/\/www.r2cpress.com.br\/v1\/wp-json\/wp\/v2\/posts\/94298\/revisions\/94301"}],"wp:attachment":[{"href":"https:\/\/www.r2cpress.com.br\/v1\/wp-json\/wp\/v2\/media?parent=94298"}],"wp:term":[{"taxonomy":"category","embeddable":true,"href":"https:\/\/www.r2cpress.com.br\/v1\/wp-json\/wp\/v2\/categories?post=94298"},{"taxonomy":"post_tag","embeddable":true,"href":"https:\/\/www.r2cpress.com.br\/v1\/wp-json\/wp\/v2\/tags?post=94298"}],"curies":[{"name":"wp","href":"https:\/\/api.w.org\/{rel}","templated":true}]}}