{"id":94472,"date":"2015-06-24T12:23:02","date_gmt":"2015-06-24T15:23:02","guid":{"rendered":"http:\/\/www.r2cpress.com.br\/v1\/?p=94472"},"modified":"2015-06-24T12:23:02","modified_gmt":"2015-06-24T15:23:02","slug":"cachoeira-sera-sede-do-governo-da-bahia-pelo-oitavo-ano","status":"publish","type":"post","link":"https:\/\/www.r2cpress.com.br\/v1\/2015\/06\/24\/cachoeira-sera-sede-do-governo-da-bahia-pelo-oitavo-ano\/","title":{"rendered":"Cachoeira ser\u00e1 sede do Governo da Bahia pelo oitavo ano"},"content":{"rendered":"<p>Nesta quinta-feira \u00a0(dia 25), a cidade de Cachoeira, no Rec\u00f4ncavo baiano, ser\u00e1 a sede do governo do Estado por um dia. Este \u00e9 o oitavo ano da transfer\u00eancia, que ocorre com base na lei 10.695\/07. A norma ressalta a import\u00e2ncia da cidade na independ\u00eancia do pa\u00eds, j\u00e1 que, nesta data, em 1822, os moradores do munic\u00edpio iniciaram as lutas pela independ\u00eancia, que culminaram com a batalha final de 2 de julho de 1823.<\/p>\n<p>O governador Rui Costa participa das comemora\u00e7\u00f5es em Cachoeira, conforme programa\u00e7\u00e3o abaixo:<\/p>\n<div>\n<div><\/div>\n<div>\n<ul>\n<li>8h &#8211; \u00c1rea externa da C\u00e2mara de Vereadores &#8211; hasteamento dos pavilh\u00f5es do Brasil, Bahia e Cachoeira; Desfile Militar<\/li>\n<li>8h30 &#8211; Igreja Matriz de Nossa Senhora do Ros\u00e1rio \u2013 Te Deum<\/li>\n<li>10h &#8211; C\u00e2mara de Vereadores- sess\u00e3o solene em homenagem aos her\u00f3is da Independ\u00eancia da Bahia<\/li>\n<li>15h &#8211; Desfile C\u00edvico com a participa\u00e7\u00e3o de nove escolas estaduais<\/li>\n<\/ul>\n<\/div>\n<div><\/div>\n<div>Ainda como parte das a\u00e7\u00f5es do Estado na cidade, no dia 25 haver\u00e1 a abertura da Rota da Independ\u00eancia, uma a\u00e7\u00e3o que vai percorrer os munic\u00edpios de Cachoeira, S\u00e3o F\u00e9lix, Santo Amaro, Maragogipe e S\u00e3o Francisco do Conde. A Rota \u00e9 uma a\u00e7\u00e3o da Secretaria da Cultura e deve levar aos locais aulas p\u00fablicas, palestras e apresenta\u00e7\u00f5es at\u00e9 \u00a022 de julho. O SAC M\u00f3vel tamb\u00e9m estar\u00e1 presente em Cachoeira nos dias 24 e 25 de junho.<\/div>\n<\/div>\n","protected":false},"excerpt":{"rendered":"<p>Nesta quinta-feira \u00a0(dia 25), a cidade de Cachoeira, no Rec\u00f4ncavo baiano, ser\u00e1 a sede do governo do Estado por um dia. Este \u00e9 o oitavo ano da transfer\u00eancia, que ocorre com base na lei 10.695\/07. A norma ressalta a import\u00e2ncia da cidade na independ\u00eancia do pa\u00eds, j\u00e1 que, nesta data, em 1822, os moradores do [&hellip;]<\/p>\n","protected":false},"author":2,"featured_media":0,"comment_status":"open","ping_status":"open","sticky":false,"template":"","format":"standard","meta":{"_links_to":"","_links_to_target":""},"categories":[29],"tags":[],"_links":{"self":[{"href":"https:\/\/www.r2cpress.com.br\/v1\/wp-json\/wp\/v2\/posts\/94472"}],"collection":[{"href":"https:\/\/www.r2cpress.com.br\/v1\/wp-json\/wp\/v2\/posts"}],"about":[{"href":"https:\/\/www.r2cpress.com.br\/v1\/wp-json\/wp\/v2\/types\/post"}],"author":[{"embeddable":true,"href":"https:\/\/www.r2cpress.com.br\/v1\/wp-json\/wp\/v2\/users\/2"}],"replies":[{"embeddable":true,"href":"https:\/\/www.r2cpress.com.br\/v1\/wp-json\/wp\/v2\/comments?post=94472"}],"version-history":[{"count":1,"href":"https:\/\/www.r2cpress.com.br\/v1\/wp-json\/wp\/v2\/posts\/94472\/revisions"}],"predecessor-version":[{"id":94473,"href":"https:\/\/www.r2cpress.com.br\/v1\/wp-json\/wp\/v2\/posts\/94472\/revisions\/94473"}],"wp:attachment":[{"href":"https:\/\/www.r2cpress.com.br\/v1\/wp-json\/wp\/v2\/media?parent=94472"}],"wp:term":[{"taxonomy":"category","embeddable":true,"href":"https:\/\/www.r2cpress.com.br\/v1\/wp-json\/wp\/v2\/categories?post=94472"},{"taxonomy":"post_tag","embeddable":true,"href":"https:\/\/www.r2cpress.com.br\/v1\/wp-json\/wp\/v2\/tags?post=94472"}],"curies":[{"name":"wp","href":"https:\/\/api.w.org\/{rel}","templated":true}]}}