{"id":9465,"date":"2011-02-25T16:10:20","date_gmt":"2011-02-25T19:10:20","guid":{"rendered":"http:\/\/www.r2cpress.com.br\/v1\/?p=9465"},"modified":"2011-02-25T16:31:48","modified_gmt":"2011-02-25T19:31:48","slug":"dirigentes-da-santa-casa-de-misericordia-de-ilheus-solicitam-apoio-ao-ministerio-da-saude","status":"publish","type":"post","link":"https:\/\/www.r2cpress.com.br\/v1\/2011\/02\/25\/dirigentes-da-santa-casa-de-misericordia-de-ilheus-solicitam-apoio-ao-ministerio-da-saude\/","title":{"rendered":"Dirigentes da Santa Casa de Miseric\u00f3rdia de Ilh\u00e9us solicitam apoio ao Minist\u00e9rio da Sa\u00fade"},"content":{"rendered":"<p><b>Clique para AMPLIAR<\/b><br \/>\n&#8212;<br \/>\n<div id=\"attachment_9466\" style=\"width: 235px\" class=\"wp-caption alignleft\"><a href=\"http:\/\/www.r2cpress.com.br\/v1\/wp-content\/uploads\/SA\u00daDE-MINISTRO.jpg\"><img aria-describedby=\"caption-attachment-9466\" loading=\"lazy\" src=\"http:\/\/www.r2cpress.com.br\/v1\/wp-content\/uploads\/SA\u00daDE-MINISTRO-225x300.jpg\" alt=\"\" title=\"SA\u00daDE MINISTRO\" width=\"225\" height=\"300\" class=\"size-medium wp-image-9466\" srcset=\"https:\/\/www.r2cpress.com.br\/v1\/wp-content\/uploads\/SA\u00daDE-MINISTRO-225x300.jpg 225w, https:\/\/www.r2cpress.com.br\/v1\/wp-content\/uploads\/SA\u00daDE-MINISTRO.jpg 680w\" sizes=\"(max-width: 225px) 100vw, 225px\" \/><\/a><p id=\"caption-attachment-9466\" class=\"wp-caption-text\">Audi\u00eancia_M_Sa\u00fade<\/p><\/div>A contribui\u00e7\u00e3o dos apoiadores e da popula\u00e7\u00e3o, recebida pela Santa Casa de Miseric\u00f3rdia de Ilh\u00e9us, tamb\u00e9m foi relatada ao Minist\u00e9rio. Al\u00e9m do reconhecimento por parte da entidade, ficou claro que o esfor\u00e7o da sociedade pela manuten\u00e7\u00e3o do hospital merece ser seguido pelo Poder P\u00fablico. <\/p>\n<p>Na \u00faltima quarta-feira (23), foram recebidos em audi\u00eancia no Minist\u00e9rio da Sa\u00fade,  a diretoria e membros da Irmandade da Santa Casa de Miseric\u00f3rdia de Ilh\u00e9us, Euz\u00ednio Lavigne Gesteira, Naide Silveira, Afr\u00e2nio Freitas e Jos\u00e9 Alberto Arruda, juntamente com o deputado federal Geraldo Sim\u00f5es (PT\/BA,) o prefeito, Nilton Lima, o secret\u00e1rio de Sa\u00fade de Ilh\u00e9us, Jos\u00e9 Luis Arouca Veloso, a deputada estadual, \u00c2ngela de Souza (PSC\/BA), al\u00e9m do secret\u00e1rio de Sa\u00fade do Estado da Bahia, Jorge Solla.<\/p>\n<p>O objetivo do grupo, que reuniu representantes das tr\u00eas esferas de governo, al\u00e9m de representantes da sociedade, foi buscar apoio do Governo Federal para a solu\u00e7\u00e3o da terr\u00edvel crise financeira que a Santa Casa atravessa. Prestes a completar um s\u00e9culo (100 anos) de exist\u00eancia, a institui\u00e7\u00e3o talvez nunca em sua hist\u00f3ria passou por uma crise financeira de tal magnitude, enfrentando um quadro negativo que apresenta sal\u00e1rios atrasados, greves de funcion\u00e1rios e sujeita \u00e0 suspens\u00e3o, pela inadimpl\u00eancia, do fornecimento de medicamentos e suprimentos.<\/p>\n<p><!--more--><\/p>\n<p>Mantenedora de uma Unidade de Tratamento Intensivo &#8211; UTI, do Servi\u00e7o de Hemoterapia e da Maternidade Santa Helena, a Santa Casa j\u00e1 n\u00e3o suporta os custos dos servi\u00e7os prestados que s\u00e3o bem mais altos que sua receita.  Castigada pela pol\u00edtica de sa\u00fade que n\u00e3o favorece as Institui\u00e7\u00f5es Filantr\u00f3picas, mergulha numa crise sem precedentes que pode lev\u00e1-la, incluindo a Maternidade Santa Helena, ao fechamento de suas portas.<\/p>\n<p>A UTI possui seis leitos, dos quais somente tr\u00eas s\u00e3o credenciados pelo SUS. Isto, na pr\u00e1tica, significa que todos os leitos est\u00e3o sendo utilizados para assist\u00eancia \u00e0 comunidade, n\u00e3o havendo contrapartida financeira do SUS.<\/p>\n<p>O servi\u00e7o de hemoterapia necessita de manuten\u00e7\u00e3o, da compra de equipamentos para processamento e armazenamento de hemoderivados, al\u00e9m de software para processamento eletr\u00f4nico da produ\u00e7\u00e3o.<\/p>\n<p> A Maternidade Santa Helena, \u00fanica em funcionamento na microrregi\u00e3o, que abrange sete munic\u00edpios com popula\u00e7\u00e3o estimada de 600 mil pessoas, encontra-se extremamente carente de uma UTI neonatal e de equipamentos b\u00e1sicos. H\u00e1 muito n\u00e3o recebe est\u00edmulo p\u00fablico para melhoria da assist\u00eancia materno-infantil, al\u00e9m da grande defici\u00eancia remunerat\u00f3ria dos profissionais qualificados, gerando escassez de m\u00e3o-de-obra qualificada.<\/p>\n<p>Para completar o quadro de extrema dificuldade, a receita bruta m\u00e9dia mensal \u00e9 incompat\u00edvel com os custos de manuten\u00e7\u00e3o gerando um d\u00e9ficit mensal de R$ 300 mil, em m\u00e9dia.<\/p>\n<p>O Saldo devedor imediato com fornecedores \u00e9 de aproximadamente R$ 1,2 milh\u00e3o acumulado em doze meses, inviabilizando o funcionamento do hospital.<\/p>\n<p>Esses problemas foram expostos detalhadamente pelos diretores e membros da Irmandade presentes \u00e0 audi\u00eancia e debatido durante quase duas horas. O assessor especial do ministro, Edson Pereira de Oliveira, se comprometeu a tomar todas as medidas necess\u00e1rias para a solu\u00e7\u00e3o emergencial do problema, orientou a formaliza\u00e7\u00e3o por meio de of\u00edcio com as demandas priorit\u00e1rias e imediatas, o que foi feito, na manh\u00e3 seguinte, 24 de fevereiro, para o ministro da Sa\u00fade, Alexandre Padilha, e disponibilizou a equipe t\u00e9cnica daquele Minist\u00e9rio para a busca de solu\u00e7\u00f5es alternativas para a crise, al\u00e9m de  pol\u00edticas p\u00fablicas a serem implementadas a curto, m\u00e9dio e longo prazo para que a Santa Casa se reestruture e a popula\u00e7\u00e3o tenha o atendimento assegurado.<br \/>\nA contribui\u00e7\u00e3o dos apoiadores e da popula\u00e7\u00e3o, recebida pela Santa Casa de Miseric\u00f3rdia de Ilh\u00e9us, tamb\u00e9m foi relatada ao Minist\u00e9rio. Al\u00e9m do reconhecimento por parte da entidade, ficou claro que o esfor\u00e7o da sociedade pela manuten\u00e7\u00e3o do hospital merece ser seguido pelo Poder P\u00fablico. <\/p>\n<p>&#8212;<br \/>\nDe Bras\u00edlia, Analu Alves<br \/>\nRP: MPB 6835 DF<\/p>\n","protected":false},"excerpt":{"rendered":"<p>Clique para AMPLIAR &#8212; A contribui\u00e7\u00e3o dos apoiadores e da popula\u00e7\u00e3o, recebida pela Santa Casa de Miseric\u00f3rdia de Ilh\u00e9us, tamb\u00e9m foi relatada ao Minist\u00e9rio. Al\u00e9m do reconhecimento por parte da entidade, ficou claro que o esfor\u00e7o da sociedade pela manuten\u00e7\u00e3o do hospital merece ser seguido pelo Poder P\u00fablico. Na \u00faltima quarta-feira (23), foram recebidos em [&hellip;]<\/p>\n","protected":false},"author":2,"featured_media":0,"comment_status":"open","ping_status":"open","sticky":false,"template":"","format":"standard","meta":{"_links_to":"","_links_to_target":""},"categories":[24],"tags":[],"_links":{"self":[{"href":"https:\/\/www.r2cpress.com.br\/v1\/wp-json\/wp\/v2\/posts\/9465"}],"collection":[{"href":"https:\/\/www.r2cpress.com.br\/v1\/wp-json\/wp\/v2\/posts"}],"about":[{"href":"https:\/\/www.r2cpress.com.br\/v1\/wp-json\/wp\/v2\/types\/post"}],"author":[{"embeddable":true,"href":"https:\/\/www.r2cpress.com.br\/v1\/wp-json\/wp\/v2\/users\/2"}],"replies":[{"embeddable":true,"href":"https:\/\/www.r2cpress.com.br\/v1\/wp-json\/wp\/v2\/comments?post=9465"}],"version-history":[{"count":3,"href":"https:\/\/www.r2cpress.com.br\/v1\/wp-json\/wp\/v2\/posts\/9465\/revisions"}],"predecessor-version":[{"id":9474,"href":"https:\/\/www.r2cpress.com.br\/v1\/wp-json\/wp\/v2\/posts\/9465\/revisions\/9474"}],"wp:attachment":[{"href":"https:\/\/www.r2cpress.com.br\/v1\/wp-json\/wp\/v2\/media?parent=9465"}],"wp:term":[{"taxonomy":"category","embeddable":true,"href":"https:\/\/www.r2cpress.com.br\/v1\/wp-json\/wp\/v2\/categories?post=9465"},{"taxonomy":"post_tag","embeddable":true,"href":"https:\/\/www.r2cpress.com.br\/v1\/wp-json\/wp\/v2\/tags?post=9465"}],"curies":[{"name":"wp","href":"https:\/\/api.w.org\/{rel}","templated":true}]}}