{"id":9469,"date":"2011-02-25T16:21:51","date_gmt":"2011-02-25T19:21:51","guid":{"rendered":"http:\/\/www.r2cpress.com.br\/v1\/?p=9469"},"modified":"2011-02-25T16:21:51","modified_gmt":"2011-02-25T19:21:51","slug":"camara-municipal-de-ilheus-57","status":"publish","type":"post","link":"https:\/\/www.r2cpress.com.br\/v1\/2011\/02\/25\/camara-municipal-de-ilheus-57\/","title":{"rendered":"C\u00e2mara Municipal de Ilh\u00e9us"},"content":{"rendered":"<p><strong>Dinho G\u00e1s rebate den\u00fancias e afirma que n\u00e3o tem ilegalidades na sua gest\u00e3o<\/strong><\/p>\n<p><div id=\"attachment_9470\" style=\"width: 310px\" class=\"wp-caption alignleft\"><a href=\"http:\/\/www.r2cpress.com.br\/v1\/wp-content\/uploads\/Presidente-da-C\u00e2mara-Municipal-de-Ilh\u00e9us-vereador-Dinho-G\u00e1s.jpg\"><img aria-describedby=\"caption-attachment-9470\" loading=\"lazy\" src=\"http:\/\/www.r2cpress.com.br\/v1\/wp-content\/uploads\/Presidente-da-C\u00e2mara-Municipal-de-Ilh\u00e9us-vereador-Dinho-G\u00e1s-300x250.jpg\" alt=\"\" title=\"Presidente da C\u00e2mara Municipal de Ilh\u00e9us, vereador Dinho G\u00e1s\" width=\"300\" height=\"250\" class=\"size-medium wp-image-9470\" srcset=\"https:\/\/www.r2cpress.com.br\/v1\/wp-content\/uploads\/Presidente-da-C\u00e2mara-Municipal-de-Ilh\u00e9us-vereador-Dinho-G\u00e1s-300x250.jpg 300w, https:\/\/www.r2cpress.com.br\/v1\/wp-content\/uploads\/Presidente-da-C\u00e2mara-Municipal-de-Ilh\u00e9us-vereador-Dinho-G\u00e1s.jpg 493w\" sizes=\"(max-width: 300px) 100vw, 300px\" \/><\/a><p id=\"caption-attachment-9470\" class=\"wp-caption-text\">Presidente da C\u00e2mara Municipal de Ilh\u00e9us, vereador Dinho G\u00e1s<\/p><\/div>O presidente da C\u00e2mara de Ilh\u00e9us vereador Edivaldo Nascimento (Dinho G\u00e1s), garante que a sua gest\u00e3o a frente do legislativo ilheense n\u00e3o ir\u00e1 repetir os erros cometidos por gest\u00f5es passadas, Dinho, tamb\u00e9m afirma que as decis\u00f5es da casa n\u00e3o dependem de ordens externas e muito menos do ex-presidente Jailson Nascimento.<br \/>\nO presidente reconhece que existe uma \u201cbriga\u201d, pelo espa\u00e7o pol\u00edtico, que se acirra com a proximidade das elei\u00e7\u00f5es municipais do ano que vem e cita como exemplo a derrota do Governo Municipal, que n\u00e3o conseguiu a maioria em nenhuma das comiss\u00f5es da c\u00e2mara.<\/p>\n<p><strong>Licita\u00e7\u00f5es<\/strong><\/p>\n<p>Quantos as licita\u00e7\u00f5es que foram realizadas pelo Poder Legislativo, o presidente Dinho G\u00e1s, diz estar tranq\u00fcilo, primeiro porque para participar do processo as empresas precisam ter toda a documenta\u00e7\u00e3o e segundo, os preg\u00f5es tem sido presencial e as empresas vencedoras dos certames foram as que apresentaram os menores pre\u00e7os, cumprindo o que reza a lei geral de licita\u00e7\u00f5es. Para por fim as especula\u00e7\u00f5es maldosas e ao uso pol\u00edtico dos processos licitat\u00f3rios a partir de agora tanto a OAB-Ilh\u00e9us quanto o MP-Ba, ser\u00e3o convidados a acompanharem os certames garante o presidente da c\u00e2mara ilheense.<br \/>\nJ\u00e1 a nova pintura da c\u00e2mara se fez necess\u00e1ria por se tratar de uma nova gest\u00e3o e ao contrario do que se fala, n\u00e3o foi autorizada nenhuma nova reforma, da ultima vez que o pr\u00e9dio foi reformado, foram gastos aproximadamente R$ 250.000,00 (duzentos e cinq\u00fcenta mil reais), \u201cn\u00e3o teria porque faz\u00ea-lo novamente\u201d, completa Dinho.<\/p>\n<p><strong>Nomea\u00e7\u00f5es<\/strong><\/p>\n<p><!--more--><\/p>\n<p>Levando-se em conta que \u00e9 prerrogativa do presidente determinar os gastos da C\u00e2mara Municipal de Ilh\u00e9us, o presidente Dinho G\u00e1s, explica que o estardalha\u00e7o feito pelo grupo dos seis vereadores que d\u00e1 sustenta\u00e7\u00e3o ao prefeito Newton Lima, \u00e9 natural e que as nomea\u00e7\u00f5es que faltam est\u00e3o sendo analisadas, Dinho G\u00e1s, lembra que assumiu em 01 de janeiro e que era preciso tomar p\u00e9 da situa\u00e7\u00e3o financeira da C\u00e2mara e garante que j\u00e1 normalizou o pagamento das assessorias de todos os gabinetes. <\/p>\n<p>Para Dinho G\u00e1s, as not\u00edcias que foram parar na imprensa tiveram a finalidade de fazer press\u00e3o, j\u00e1 que os vereadores est\u00e3o cobrando a nomea\u00e7\u00e3o de mais dois cargos de confian\u00e7a cada um.<\/p>\n<p>Dinho G\u00e1s, salienta que n\u00e3o existe tratamento diferenciado para os vereadores, que a c\u00e2mara \u00e9 uma casa pol\u00edtica e plural, \u201cmesmo a presid\u00eancia eleita pela oposi\u00e7\u00e3o a gest\u00e3o ser\u00e1 respons\u00e1vel com as necessidades de cada um e com os compromissos assumidos\u201d, pondera.<\/p>\n<p>A dire\u00e7\u00e3o da casa afirma que n\u00e3o existem ilegalidades, pelo contrario houveram cortes significativos como o fim da gratifica\u00e7\u00e3o que dava ao presidente mais 50% do sal\u00e1rio de vereador, isso com vistas a economizar, Dinho G\u00e1s, salienta tamb\u00e9m, \u201cque a c\u00e2mara est\u00e1 a disposi\u00e7\u00e3o do Minist\u00e9rio P\u00fablico para qualquer tipo de investiga\u00e7\u00e3o, desde que se respeite a independ\u00eancia dos poderes nas decis\u00f5es internas, ainda mais em se tratando de quest\u00f5es administrativas\u201d, finaliza o presidente.    <\/p>\n","protected":false},"excerpt":{"rendered":"<p>Dinho G\u00e1s rebate den\u00fancias e afirma que n\u00e3o tem ilegalidades na sua gest\u00e3o O presidente da C\u00e2mara de Ilh\u00e9us vereador Edivaldo Nascimento (Dinho G\u00e1s), garante que a sua gest\u00e3o a frente do legislativo ilheense n\u00e3o ir\u00e1 repetir os erros cometidos por gest\u00f5es passadas, Dinho, tamb\u00e9m afirma que as decis\u00f5es da casa n\u00e3o dependem de ordens [&hellip;]<\/p>\n","protected":false},"author":2,"featured_media":0,"comment_status":"open","ping_status":"open","sticky":false,"template":"","format":"standard","meta":{"_links_to":"","_links_to_target":""},"categories":[22],"tags":[],"_links":{"self":[{"href":"https:\/\/www.r2cpress.com.br\/v1\/wp-json\/wp\/v2\/posts\/9469"}],"collection":[{"href":"https:\/\/www.r2cpress.com.br\/v1\/wp-json\/wp\/v2\/posts"}],"about":[{"href":"https:\/\/www.r2cpress.com.br\/v1\/wp-json\/wp\/v2\/types\/post"}],"author":[{"embeddable":true,"href":"https:\/\/www.r2cpress.com.br\/v1\/wp-json\/wp\/v2\/users\/2"}],"replies":[{"embeddable":true,"href":"https:\/\/www.r2cpress.com.br\/v1\/wp-json\/wp\/v2\/comments?post=9469"}],"version-history":[{"count":3,"href":"https:\/\/www.r2cpress.com.br\/v1\/wp-json\/wp\/v2\/posts\/9469\/revisions"}],"predecessor-version":[{"id":9473,"href":"https:\/\/www.r2cpress.com.br\/v1\/wp-json\/wp\/v2\/posts\/9469\/revisions\/9473"}],"wp:attachment":[{"href":"https:\/\/www.r2cpress.com.br\/v1\/wp-json\/wp\/v2\/media?parent=9469"}],"wp:term":[{"taxonomy":"category","embeddable":true,"href":"https:\/\/www.r2cpress.com.br\/v1\/wp-json\/wp\/v2\/categories?post=9469"},{"taxonomy":"post_tag","embeddable":true,"href":"https:\/\/www.r2cpress.com.br\/v1\/wp-json\/wp\/v2\/tags?post=9469"}],"curies":[{"name":"wp","href":"https:\/\/api.w.org\/{rel}","templated":true}]}}