{"id":94699,"date":"2015-07-04T17:24:43","date_gmt":"2015-07-04T20:24:43","guid":{"rendered":"http:\/\/www.r2cpress.com.br\/v1\/?p=94699"},"modified":"2015-07-04T17:24:43","modified_gmt":"2015-07-04T20:24:43","slug":"psicomundo-paz-pela-compreensao-82a-parte","status":"publish","type":"post","link":"https:\/\/www.r2cpress.com.br\/v1\/2015\/07\/04\/psicomundo-paz-pela-compreensao-82a-parte\/","title":{"rendered":"PSICOMUNDO &#8211; PAZ PELA COMPREENS\u00c3O &#8211; 82\u00aa PARTE"},"content":{"rendered":"<p><img loading=\"lazy\" class=\"alignleft\" src=\"http:\/\/www.r2cpress.com.br\/v1\/wp-content\/uploads\/2014\/04\/eduardo-afonso-exterior.jpg\" alt=\"\" width=\"333\" height=\"392\" \/>A capacidade humana da popula\u00e7\u00e3o brasileira atravessa crises de sentimentos de clem\u00eancia que compara e julga o mundo em que vivemos atrav\u00e9s de limites incompar\u00e1veis. O ser humano transita por in\u00fameros atos que produzem fatos que passam por misteriosos entendimentos pelo qual se afirma a conveni\u00eancia ou desconveni\u00eancia de duas ou mais ideias. \u00c9 o que chamamos livres arb\u00edtrios e liberdade de express\u00e3o na proje\u00e7\u00e3o de conduta.<\/p>\n<p>O que podemos fazer diante das diversidades de personalidades e temperamentos intempestivos. O homem em sua marcha para conquistar o mundo escondem muitas vezes as emo\u00e7\u00f5es e sentimentos reprimidos causando-lhe doen\u00e7as do corpo e do esp\u00edrito. Quando surgem os momentos em que as pessoas n\u00e3o enxergam as solu\u00e7\u00f5es para as suas dificuldades sempre aumentam os seus problemas. Somos o que pensamos e pensar negativamente gera a energia negativa transformando-a em doen\u00e7as grav\u00edssimas e degenerativas em muita gente.<\/p>\n<p>Quantas vezes somos os algozes de n\u00f3s mesmos, rejeitando as nossas boas atitudes por desconhecimento da aus\u00eancia de auto-estima. Muitas vezes ignoramos as praticas emanada da gan\u00e2ncia e passamos a aceitar a inveja e o ci\u00fame, direcionando a nossa vida para competi\u00e7\u00f5es e fa\u00e7anhas destruidoras.\u00a0 O termo \u201cpensamento positivo\u201d tem vindo a vulgarizar-se, talvez at\u00e9 ao ponto de ser banalizado e consequentemente desvalorizado, e sem o proveito que potencialmente tem quando aplicado corretamente \u00e0 vida de cada um de n\u00f3s.<\/p>\n<p>O pensamento positivo pode estar presente mesmo numa situa\u00e7\u00e3o de fracasso ou reca\u00edda. &#8220;Tenha cuidado com o que voc\u00ea pensa, pois a sua vida \u00e9 dirigida pelos seus pensamentos.&#8221; (Prov\u00e9rbios 4:23). Quais s\u00e3o as caixas nas quais est\u00e3o presos nossos pensamentos? Preconceitos? Aspectos Culturais? Regras Sociais? Em que escala de compreens\u00e3o podemos nos colocar para averiguar uma situa\u00e7\u00e3o normal no cotidiano de nossa vida?<\/p>\n<p><!--more--><\/p>\n<p>Podemos analisar que existe uma infinidade de influ\u00eancias que nos limitam a pensamentos cont\u00ednuos e imut\u00e1veis. O que n\u00e3o deixa flexibilidade para seguir e encontrar pontos fundamentais sen\u00e3o os pontos de vistas divergentes. Positivamente, o mundo \u201cn\u00e3o teria gra\u00e7a\u201d, se os homens todos, entre si, pensassem de id\u00eantica maneira e concordassem mutuamente em todos os pontos e sobre todos os sentidos.<\/p>\n<p>Observamos que um dos apan\u00e1gios da democracia \u00e9 a condi\u00e7\u00e3o de cada qual poder pensar, agir e falar como bem entende, de acordo com a pr\u00f3pria consci\u00eancia. No entanto, no Brasil apesar de aparente democracia n\u00e3o dispomos de igualdades de direitos e infelizmente encontramos muitas pessoas em desencontros com seus direitos de viver uma vida salutar e humana. Sempre existiram as pessoas chamadas \u201cdo contra\u201d da mesma maneira que sempre existiram trouxas no mundo. Se assim n\u00e3o f\u00f4ra, vale salientar, a vida \u201cn\u00e3o teria gra\u00e7a\u201d.<\/p>\n<p>A maturidade espiritual consiste em respeitar pontos de vista, divergentes do nosso? Devemos refletir acerca desta proposi\u00e7\u00e3o, pois \u00e9 exatamente no desrespeito dela que costumamos cometer injusti\u00e7as e perder ou deixar de fazer amizades. Que seria do amarelo se todos gostassem do azul! Cabe em si o respeito m\u00fatuo que levam \u00e0s pessoas para um entendimento que elavam as suas igualdades de express\u00f5es ao longo da vida.<\/p>\n<p>Sempre existir\u00e1 o tempo para viver, amar e sonhar; mas buscar os sonhos das grandes realiza\u00e7\u00f5es que tragam a felicidade para todos! Precisamos ser felizes, o mundo precisa muito de paz! Os brasileiros precisam orar e pedir a Deus que os mostre os caminhos plenos da vida. Dessa forma h\u00e1 necessidade de alcan\u00e7ar o bem e trabalhar para destruir o mal que tanto maltrata muita gente em nosso hemisf\u00e9rio terrestre. Ainda existem pessoas que t\u00eam a vis\u00e3o voltada para ter e esquecem o ser! \u00c9 dif\u00edcil erguer, mas tamb\u00e9m dif\u00edcil se torna destruir o edif\u00edcio dos alicerces dos bons costumes. Tudo isso porque adaptar-se \u00e9 viver; resistir \u00e0 adapta\u00e7\u00e3o na maioria das vezes \u00e9 perecer.<\/p>\n<p><strong>Eduardo Afonso &#8211; (73) 8844-9147 &#8211; Ilh\u00e9us-Bahia<\/strong><\/p>\n<p>&#8212;<br \/>\n<strong>PARA LER A 81\u00aa PARTE CLIQUE<\/strong> <a href=\"http:\/\/www.r2cpress.com.br\/v1\/2015\/06\/05\/psicomundo-paz-pela-compreensao-81a-parte\/\" target=\"_news\"><b>AQUI.<\/b><\/a><\/p>\n","protected":false},"excerpt":{"rendered":"<p>A capacidade humana da popula\u00e7\u00e3o brasileira atravessa crises de sentimentos de clem\u00eancia que compara e julga o mundo em que vivemos atrav\u00e9s de limites incompar\u00e1veis. O ser humano transita por in\u00fameros atos que produzem fatos que passam por misteriosos entendimentos pelo qual se afirma a conveni\u00eancia ou desconveni\u00eancia de duas ou mais ideias. \u00c9 o [&hellip;]<\/p>\n","protected":false},"author":2,"featured_media":0,"comment_status":"open","ping_status":"open","sticky":false,"template":"","format":"standard","meta":{"_links_to":"","_links_to_target":""},"categories":[10],"tags":[],"_links":{"self":[{"href":"https:\/\/www.r2cpress.com.br\/v1\/wp-json\/wp\/v2\/posts\/94699"}],"collection":[{"href":"https:\/\/www.r2cpress.com.br\/v1\/wp-json\/wp\/v2\/posts"}],"about":[{"href":"https:\/\/www.r2cpress.com.br\/v1\/wp-json\/wp\/v2\/types\/post"}],"author":[{"embeddable":true,"href":"https:\/\/www.r2cpress.com.br\/v1\/wp-json\/wp\/v2\/users\/2"}],"replies":[{"embeddable":true,"href":"https:\/\/www.r2cpress.com.br\/v1\/wp-json\/wp\/v2\/comments?post=94699"}],"version-history":[{"count":2,"href":"https:\/\/www.r2cpress.com.br\/v1\/wp-json\/wp\/v2\/posts\/94699\/revisions"}],"predecessor-version":[{"id":94701,"href":"https:\/\/www.r2cpress.com.br\/v1\/wp-json\/wp\/v2\/posts\/94699\/revisions\/94701"}],"wp:attachment":[{"href":"https:\/\/www.r2cpress.com.br\/v1\/wp-json\/wp\/v2\/media?parent=94699"}],"wp:term":[{"taxonomy":"category","embeddable":true,"href":"https:\/\/www.r2cpress.com.br\/v1\/wp-json\/wp\/v2\/categories?post=94699"},{"taxonomy":"post_tag","embeddable":true,"href":"https:\/\/www.r2cpress.com.br\/v1\/wp-json\/wp\/v2\/tags?post=94699"}],"curies":[{"name":"wp","href":"https:\/\/api.w.org\/{rel}","templated":true}]}}