{"id":94711,"date":"2015-07-05T11:20:43","date_gmt":"2015-07-05T14:20:43","guid":{"rendered":"http:\/\/www.r2cpress.com.br\/v1\/?p=94711"},"modified":"2015-07-05T11:20:43","modified_gmt":"2015-07-05T14:20:43","slug":"aulao-de-zumba-fitness-gratuito-na-tenda-teatro-popular-de-ilheus","status":"publish","type":"post","link":"https:\/\/www.r2cpress.com.br\/v1\/2015\/07\/05\/aulao-de-zumba-fitness-gratuito-na-tenda-teatro-popular-de-ilheus\/","title":{"rendered":"&#8220;Aul\u00e3o&#8221; de Zumba Fitness, gratuito, na Tenda Teatro Popular de Ilh\u00e9us"},"content":{"rendered":"<div>\n<div>\n<div>Na pr\u00f3xima ter\u00e7a-feira, dia 7, \u00e0s 6h30, acontecer\u00e1 um \u201caul\u00e3o\u201d de Zumba Fitness, gratuito, na Tenda Teatro Popular de Ilh\u00e9us, localizada na Avenida Soares Lopes (pr\u00f3ximo ao Col\u00e9gio S\u00e3o Jorge), em Ilh\u00e9us.<\/div>\n<\/div>\n<\/div>\n<div><\/div>\n<div>A aula ser\u00e1 comandada por M\u00e1rcio Oggo, instrutor oficial de Zumba Fitness, e convidados. O evento \u00e9 indicado para o p\u00fablico em geral. Recomenda-se que o interessado v\u00e1 com roupas leves, apropriadas para a pr\u00e1tica de exerc\u00edcios f\u00edsicos. Entre os benef\u00edcios est\u00e3o a queima de gordura e a melhoria do sistema\u00a0cardiorrespirat\u00f3rio.<\/div>\n<div><\/div>\n<div>M\u00e1rcio \u00e9 \u00a0o \u00fanico instrutor ilheense que possui quatro licen\u00e7as para dar aulas de Zumba (licen\u00e7a b\u00e1sica 1 e 2, Zumba Kids e Zumba Step), com validade internacional. O perfil do instrutor pode ser consultado no site oficial da<a href=\"https:\/\/www.zumba.com\/pt-BR\/instructor\/marcio-messias-de-souza-paranhos\/1027471\" target=\"_blank\">\u00a0Zumba<\/a>.<\/div>\n<div><\/div>\n<div>O \u201caul\u00e3o\u201d de Zumba dar\u00e1 in\u00edcio \u00e0 forma\u00e7\u00e3o de turmas para aulas regulares de Zumba Fitness na Tenda. Os detalhes ser\u00e3o repassados no dia do evento.<\/div>\n<div><\/div>\n<div><strong>Zumba Fitness<\/strong>\u00a0\u2013 Fundada em 2001, a Zumba Fitness \u00e9 uma marca global de estilo de vida, que combina fitness, entretenimento e cultura com uma empolgante sensa\u00e7\u00e3o de dan\u00e7a-fitness.<\/div>\n<div><\/div>\n<div><strong>Tenda<\/strong>\u00a0\u2013\u00a0Inaugurado h\u00e1 dois anos, o espa\u00e7o \u00e9 administrada pelo Teatro Popular de Ilh\u00e9us. As atividades s\u00e3o mantidas atrav\u00e9s do Programa de Apoio a Institui\u00e7\u00f5es Culturais de A\u00e7\u00f5es Continuadas do Fundo de Cultura da Bahia. Confira a programa\u00e7\u00e3o completa para o m\u00eas de Julho neste link:\u00a0<a href=\"http:\/\/goo.gl\/cySJEM\" target=\"_blank\">http:\/\/goo.gl\/cySJEM<\/a><\/div>\n","protected":false},"excerpt":{"rendered":"<p>Na pr\u00f3xima ter\u00e7a-feira, dia 7, \u00e0s 6h30, acontecer\u00e1 um \u201caul\u00e3o\u201d de Zumba Fitness, gratuito, na Tenda Teatro Popular de Ilh\u00e9us, localizada na Avenida Soares Lopes (pr\u00f3ximo ao Col\u00e9gio S\u00e3o Jorge), em Ilh\u00e9us. A aula ser\u00e1 comandada por M\u00e1rcio Oggo, instrutor oficial de Zumba Fitness, e convidados. O evento \u00e9 indicado para o p\u00fablico em geral. [&hellip;]<\/p>\n","protected":false},"author":2,"featured_media":0,"comment_status":"open","ping_status":"open","sticky":false,"template":"","format":"standard","meta":{"_links_to":"","_links_to_target":""},"categories":[5],"tags":[],"_links":{"self":[{"href":"https:\/\/www.r2cpress.com.br\/v1\/wp-json\/wp\/v2\/posts\/94711"}],"collection":[{"href":"https:\/\/www.r2cpress.com.br\/v1\/wp-json\/wp\/v2\/posts"}],"about":[{"href":"https:\/\/www.r2cpress.com.br\/v1\/wp-json\/wp\/v2\/types\/post"}],"author":[{"embeddable":true,"href":"https:\/\/www.r2cpress.com.br\/v1\/wp-json\/wp\/v2\/users\/2"}],"replies":[{"embeddable":true,"href":"https:\/\/www.r2cpress.com.br\/v1\/wp-json\/wp\/v2\/comments?post=94711"}],"version-history":[{"count":1,"href":"https:\/\/www.r2cpress.com.br\/v1\/wp-json\/wp\/v2\/posts\/94711\/revisions"}],"predecessor-version":[{"id":94712,"href":"https:\/\/www.r2cpress.com.br\/v1\/wp-json\/wp\/v2\/posts\/94711\/revisions\/94712"}],"wp:attachment":[{"href":"https:\/\/www.r2cpress.com.br\/v1\/wp-json\/wp\/v2\/media?parent=94711"}],"wp:term":[{"taxonomy":"category","embeddable":true,"href":"https:\/\/www.r2cpress.com.br\/v1\/wp-json\/wp\/v2\/categories?post=94711"},{"taxonomy":"post_tag","embeddable":true,"href":"https:\/\/www.r2cpress.com.br\/v1\/wp-json\/wp\/v2\/tags?post=94711"}],"curies":[{"name":"wp","href":"https:\/\/api.w.org\/{rel}","templated":true}]}}