{"id":94715,"date":"2015-07-05T18:39:12","date_gmt":"2015-07-05T21:39:12","guid":{"rendered":"http:\/\/www.r2cpress.com.br\/v1\/?p=94715"},"modified":"2015-07-05T18:39:12","modified_gmt":"2015-07-05T21:39:12","slug":"rui-determina-apuracao-rigorosa-de-denuncia-de-agressao-feita-por-jornalista","status":"publish","type":"post","link":"https:\/\/www.r2cpress.com.br\/v1\/2015\/07\/05\/rui-determina-apuracao-rigorosa-de-denuncia-de-agressao-feita-por-jornalista\/","title":{"rendered":"Rui determina apura\u00e7\u00e3o rigorosa de den\u00fancia de agress\u00e3o feita por jornalista"},"content":{"rendered":"<div style=\"text-align: justify;\" align=\"center\">O governador Rui Costa, por meio de seu perfil no Facebook, se posicionou sobre a den\u00fancia feita pelo jornalista Marivaldo Filho neste domingo (5). &#8220;Determinei ao secret\u00e1rio de Seguran\u00e7a, Maur\u00edcio Barbosa, e ao comandante da PM, coronel Anselmo Brand\u00e3o, a apura\u00e7\u00e3o rigorosa dos acontecimentos noticiados pelo Boc\u00e3o News, em que o editor de pol\u00edtica do referido site, Marivaldo Filho, afirma ter sofrido viol\u00eancia por policiais militares no exerc\u00edcio de seu trabalho&#8221;, disse Rui.<\/div>\n<div style=\"text-align: justify;\" align=\"center\"><\/div>\n<div style=\"text-align: justify;\" align=\"center\">Na publica\u00e7\u00e3o, Rui tamb\u00e9m destacou que o governo &#8220;atuar\u00e1 sempre para assegurar que a democracia seja vivida de forma plena, garantindo a liberdade de imprensa, a liberdade de express\u00e3o, o direito de o jornalista exercer sua profiss\u00e3o mediante qualquer situa\u00e7\u00e3o. N\u00e3o permitiremos em nosso estado intimida\u00e7\u00f5es, constrangimento e nenhum tipo de viol\u00eancia contra o profissional ou contra o cidad\u00e3o que denuncie ato il\u00edcito&#8221;.<\/div>\n<p>Leia, na \u00edntegra, a publica\u00e7\u00e3o feita pelo governador Rui Costa: <b><a href=\"http:\/\/migre.me\/qF2NT\" target=\"_blank\">http:\/\/migre.me\/qF2NT<\/a><\/b> .<\/p>\n<div><strong><span style=\"font-family: Times;\">&#8230;.<\/span><\/strong><\/div>\n<p><span style=\"font-family: Times;\"><strong>Secom\u00a0<\/strong>\u00a0<strong>&#8211; Secretaria de Comunica\u00e7\u00e3o Social\u00a0&#8211; Governo da Bahia<\/strong><\/span><\/p>\n","protected":false},"excerpt":{"rendered":"<p>O governador Rui Costa, por meio de seu perfil no Facebook, se posicionou sobre a den\u00fancia feita pelo jornalista Marivaldo Filho neste domingo (5). &#8220;Determinei ao secret\u00e1rio de Seguran\u00e7a, Maur\u00edcio Barbosa, e ao comandante da PM, coronel Anselmo Brand\u00e3o, a apura\u00e7\u00e3o rigorosa dos acontecimentos noticiados pelo Boc\u00e3o News, em que o editor de pol\u00edtica do [&hellip;]<\/p>\n","protected":false},"author":2,"featured_media":0,"comment_status":"open","ping_status":"open","sticky":false,"template":"","format":"standard","meta":{"_links_to":"","_links_to_target":""},"categories":[29,25],"tags":[],"_links":{"self":[{"href":"https:\/\/www.r2cpress.com.br\/v1\/wp-json\/wp\/v2\/posts\/94715"}],"collection":[{"href":"https:\/\/www.r2cpress.com.br\/v1\/wp-json\/wp\/v2\/posts"}],"about":[{"href":"https:\/\/www.r2cpress.com.br\/v1\/wp-json\/wp\/v2\/types\/post"}],"author":[{"embeddable":true,"href":"https:\/\/www.r2cpress.com.br\/v1\/wp-json\/wp\/v2\/users\/2"}],"replies":[{"embeddable":true,"href":"https:\/\/www.r2cpress.com.br\/v1\/wp-json\/wp\/v2\/comments?post=94715"}],"version-history":[{"count":1,"href":"https:\/\/www.r2cpress.com.br\/v1\/wp-json\/wp\/v2\/posts\/94715\/revisions"}],"predecessor-version":[{"id":94716,"href":"https:\/\/www.r2cpress.com.br\/v1\/wp-json\/wp\/v2\/posts\/94715\/revisions\/94716"}],"wp:attachment":[{"href":"https:\/\/www.r2cpress.com.br\/v1\/wp-json\/wp\/v2\/media?parent=94715"}],"wp:term":[{"taxonomy":"category","embeddable":true,"href":"https:\/\/www.r2cpress.com.br\/v1\/wp-json\/wp\/v2\/categories?post=94715"},{"taxonomy":"post_tag","embeddable":true,"href":"https:\/\/www.r2cpress.com.br\/v1\/wp-json\/wp\/v2\/tags?post=94715"}],"curies":[{"name":"wp","href":"https:\/\/api.w.org\/{rel}","templated":true}]}}