{"id":94722,"date":"2015-07-05T20:06:59","date_gmt":"2015-07-05T23:06:59","guid":{"rendered":"http:\/\/www.r2cpress.com.br\/v1\/?p=94722"},"modified":"2015-07-05T20:06:59","modified_gmt":"2015-07-05T23:06:59","slug":"josias-gomes-e-pelegrino-sao-exonerados-do-governo-rui-costa","status":"publish","type":"post","link":"https:\/\/www.r2cpress.com.br\/v1\/2015\/07\/05\/josias-gomes-e-pelegrino-sao-exonerados-do-governo-rui-costa\/","title":{"rendered":"Josias Gomes e Pelegrino s\u00e3o exonerados do governo Rui Costa"},"content":{"rendered":"<p>Os secret\u00e1rios Josias Gomes e Nelson Pelegrino n\u00e3o fazem mais parte do Governo Rui Costa. A exonera\u00e7\u00e3o dos titulares das pastas de Rela\u00e7\u00f5es Institucionais e Turismo, respectivamente, foi anunciada no Di\u00e1rio Oficial do Estado neste s\u00e1bado (04). Com isso, os petistas voltam a ocupar suas cadeiras na C\u00e2mara Federal.<\/p>\n<p>O motivo da sa\u00edda dos secret\u00e1rios n\u00e3o foi explicado pelo governador Rui Costa. \u00a0As nomea\u00e7\u00f5es dos novos membros da sua equipe n\u00e3o foi informada. Com a decis\u00e3o Davidson Magalh\u00e3es (PCdoB\/BA) e Fernando Torres (PSD\/BA) voltam a ocupar a supl\u00eancia ap\u00f3s seis meses no Congresso Nacional.<\/p>\n<p>&#8212;<\/p>\n<p>http:\/\/www.aratuonline.com.br\/noticias\/josias-gomes-e-pelegrino-sao-exonerados-do-governo-rui-costa\/<\/p>\n","protected":false},"excerpt":{"rendered":"<p>Os secret\u00e1rios Josias Gomes e Nelson Pelegrino n\u00e3o fazem mais parte do Governo Rui Costa. A exonera\u00e7\u00e3o dos titulares das pastas de Rela\u00e7\u00f5es Institucionais e Turismo, respectivamente, foi anunciada no Di\u00e1rio Oficial do Estado neste s\u00e1bado (04). Com isso, os petistas voltam a ocupar suas cadeiras na C\u00e2mara Federal. O motivo da sa\u00edda dos secret\u00e1rios [&hellip;]<\/p>\n","protected":false},"author":2,"featured_media":0,"comment_status":"open","ping_status":"open","sticky":false,"template":"","format":"standard","meta":{"_links_to":"","_links_to_target":""},"categories":[22],"tags":[],"_links":{"self":[{"href":"https:\/\/www.r2cpress.com.br\/v1\/wp-json\/wp\/v2\/posts\/94722"}],"collection":[{"href":"https:\/\/www.r2cpress.com.br\/v1\/wp-json\/wp\/v2\/posts"}],"about":[{"href":"https:\/\/www.r2cpress.com.br\/v1\/wp-json\/wp\/v2\/types\/post"}],"author":[{"embeddable":true,"href":"https:\/\/www.r2cpress.com.br\/v1\/wp-json\/wp\/v2\/users\/2"}],"replies":[{"embeddable":true,"href":"https:\/\/www.r2cpress.com.br\/v1\/wp-json\/wp\/v2\/comments?post=94722"}],"version-history":[{"count":1,"href":"https:\/\/www.r2cpress.com.br\/v1\/wp-json\/wp\/v2\/posts\/94722\/revisions"}],"predecessor-version":[{"id":94723,"href":"https:\/\/www.r2cpress.com.br\/v1\/wp-json\/wp\/v2\/posts\/94722\/revisions\/94723"}],"wp:attachment":[{"href":"https:\/\/www.r2cpress.com.br\/v1\/wp-json\/wp\/v2\/media?parent=94722"}],"wp:term":[{"taxonomy":"category","embeddable":true,"href":"https:\/\/www.r2cpress.com.br\/v1\/wp-json\/wp\/v2\/categories?post=94722"},{"taxonomy":"post_tag","embeddable":true,"href":"https:\/\/www.r2cpress.com.br\/v1\/wp-json\/wp\/v2\/tags?post=94722"}],"curies":[{"name":"wp","href":"https:\/\/api.w.org\/{rel}","templated":true}]}}