{"id":94750,"date":"2015-07-07T10:03:35","date_gmt":"2015-07-07T13:03:35","guid":{"rendered":"http:\/\/www.r2cpress.com.br\/v1\/?p=94750"},"modified":"2015-07-07T10:03:35","modified_gmt":"2015-07-07T13:03:35","slug":"grande-oriente-estadual-da-bahia-goeb-34","status":"publish","type":"post","link":"https:\/\/www.r2cpress.com.br\/v1\/2015\/07\/07\/grande-oriente-estadual-da-bahia-goeb-34\/","title":{"rendered":"Grande Oriente Estadual da Bahia (GOEB)"},"content":{"rendered":"<p><center> <a href=\"http:\/\/www.r2cpress.com.br\/v1\/wp-content\/uploads\/2015\/07\/CONGREGA\u00c7\u00c3O-DE-VENER\u00c1VEIS-11-07-2015.jpg\"><img loading=\"lazy\" src=\"http:\/\/www.r2cpress.com.br\/v1\/wp-content\/uploads\/2015\/07\/CONGREGA\u00c7\u00c3O-DE-VENER\u00c1VEIS-11-07-2015.jpg\" alt=\"CONGREGA\u00c7\u00c3O DE VENER\u00c1VEIS 11 07 2015\" width=\"600\" height=\"473\" class=\"aligncenter size-full wp-image-94751\" srcset=\"https:\/\/www.r2cpress.com.br\/v1\/wp-content\/uploads\/2015\/07\/CONGREGA\u00c7\u00c3O-DE-VENER\u00c1VEIS-11-07-2015.jpg 600w, https:\/\/www.r2cpress.com.br\/v1\/wp-content\/uploads\/2015\/07\/CONGREGA\u00c7\u00c3O-DE-VENER\u00c1VEIS-11-07-2015-300x236.jpg 300w\" sizes=\"(max-width: 600px) 100vw, 600px\" \/><\/a>   <\/center><\/p>\n","protected":false},"excerpt":{"rendered":"","protected":false},"author":2,"featured_media":0,"comment_status":"open","ping_status":"open","sticky":false,"template":"","format":"standard","meta":{"_links_to":"","_links_to_target":""},"categories":[34],"tags":[],"_links":{"self":[{"href":"https:\/\/www.r2cpress.com.br\/v1\/wp-json\/wp\/v2\/posts\/94750"}],"collection":[{"href":"https:\/\/www.r2cpress.com.br\/v1\/wp-json\/wp\/v2\/posts"}],"about":[{"href":"https:\/\/www.r2cpress.com.br\/v1\/wp-json\/wp\/v2\/types\/post"}],"author":[{"embeddable":true,"href":"https:\/\/www.r2cpress.com.br\/v1\/wp-json\/wp\/v2\/users\/2"}],"replies":[{"embeddable":true,"href":"https:\/\/www.r2cpress.com.br\/v1\/wp-json\/wp\/v2\/comments?post=94750"}],"version-history":[{"count":1,"href":"https:\/\/www.r2cpress.com.br\/v1\/wp-json\/wp\/v2\/posts\/94750\/revisions"}],"predecessor-version":[{"id":94752,"href":"https:\/\/www.r2cpress.com.br\/v1\/wp-json\/wp\/v2\/posts\/94750\/revisions\/94752"}],"wp:attachment":[{"href":"https:\/\/www.r2cpress.com.br\/v1\/wp-json\/wp\/v2\/media?parent=94750"}],"wp:term":[{"taxonomy":"category","embeddable":true,"href":"https:\/\/www.r2cpress.com.br\/v1\/wp-json\/wp\/v2\/categories?post=94750"},{"taxonomy":"post_tag","embeddable":true,"href":"https:\/\/www.r2cpress.com.br\/v1\/wp-json\/wp\/v2\/tags?post=94750"}],"curies":[{"name":"wp","href":"https:\/\/api.w.org\/{rel}","templated":true}]}}