{"id":94753,"date":"2015-07-07T12:21:36","date_gmt":"2015-07-07T15:21:36","guid":{"rendered":"http:\/\/www.r2cpress.com.br\/v1\/?p=94753"},"modified":"2015-07-07T12:21:36","modified_gmt":"2015-07-07T15:21:36","slug":"prefeito-de-ilheus-entrega-predio-do-ime-centro-reformado-nesta-quarta-08","status":"publish","type":"post","link":"https:\/\/www.r2cpress.com.br\/v1\/2015\/07\/07\/prefeito-de-ilheus-entrega-predio-do-ime-centro-reformado-nesta-quarta-08\/","title":{"rendered":"Prefeito de Ilh\u00e9us entrega pr\u00e9dio do IME-Centro reformado nesta quarta, 08"},"content":{"rendered":"<p>O espa\u00e7o educacional, que completou recentemente 76 anos de exist\u00eancia, foi beneficiado com diversas melhorias. Entre elas, climatiza\u00e7\u00e3o das salas de aula, pintura geral, recupera\u00e7\u00e3o e impermeabiliza\u00e7\u00e3o do telhado, troca de pisos, substitui\u00e7\u00e3o de portas, troca do forro, revitaliza\u00e7\u00e3o dos banheiros, servi\u00e7os de jardinagem e uma completa revis\u00e3o nos sistemas el\u00e9trico e hidr\u00e1ulico.<br \/>\n<div id=\"attachment_94754\" style=\"width: 610px\" class=\"wp-caption aligncenter\"><a href=\"http:\/\/www.r2cpress.com.br\/v1\/wp-content\/uploads\/2015\/07\/Reforma-do-col\u00e9gio-IME-foto-Gidelzo-Silva-Secom-Ilh\u00e9us-2.jpg\"><img aria-describedby=\"caption-attachment-94754\" loading=\"lazy\" src=\"http:\/\/www.r2cpress.com.br\/v1\/wp-content\/uploads\/2015\/07\/Reforma-do-col\u00e9gio-IME-foto-Gidelzo-Silva-Secom-Ilh\u00e9us-2.jpg\" alt=\"Reforma do col\u00e9gio IME - foto Gidelzo Silva Secom-Ilh\u00e9us\" width=\"600\" height=\"190\" class=\"size-full wp-image-94754\" srcset=\"https:\/\/www.r2cpress.com.br\/v1\/wp-content\/uploads\/2015\/07\/Reforma-do-col\u00e9gio-IME-foto-Gidelzo-Silva-Secom-Ilh\u00e9us-2.jpg 600w, https:\/\/www.r2cpress.com.br\/v1\/wp-content\/uploads\/2015\/07\/Reforma-do-col\u00e9gio-IME-foto-Gidelzo-Silva-Secom-Ilh\u00e9us-2-300x95.jpg 300w\" sizes=\"(max-width: 600px) 100vw, 600px\" \/><\/a><p id=\"caption-attachment-94754\" class=\"wp-caption-text\">Reforma do col\u00e9gio IME &#8211; foto Gidelzo Silva Secom-Ilh\u00e9us .<\/p><\/div><\/p>\n<p>O Instituto Municipal de Ensino Eus\u00ednio Lavigne (IME-Centro), um dos espa\u00e7os educacionais mais importantes e tradicionais do munic\u00edpio, foi beneficiado por uma ampla obra de reforma que ser\u00e1 entregue oficialmente pelo prefeito Jabes Ribeiro \u00e0s 9h desta quarta-feira, dia 8 de julho. Localizado na Avenida Canavieiras, regi\u00e3o central da cidade, o IME atende cerca de 1.200 estudantes das s\u00e9ries finais (6\u00ba ao 9\u00ba ano) e da Educa\u00e7\u00e3o de Jovens e Adultos (Eja). O ato p\u00fablico, que vai contar com a presen\u00e7a de autoridades, diretores, professores, alunos e supervisores escolares, integra a programa\u00e7\u00e3o comemorativa aos 481 anos de funda\u00e7\u00e3o de Ilh\u00e9us.<\/p>\n<p>De acordo com o superintendente de Obras da Secretaria Municipal de Infraestrutura, Transporte e Tr\u00e2nsito, Derneval Furtunato, todas as 18 salas de aula, bem como os espa\u00e7os destinados \u00e0s \u00e1reas pedag\u00f3gicas e administrativas, foram climatizadas. \u201cPara isso, elaboramos um projeto independente voltado para a instala\u00e7\u00e3o dos aparelhos de condicionadores de ar\u201d, explica.<\/p>\n<p>Al\u00e9m disso, prossegue o superintendente, o IME tamb\u00e9m foi favorecido por pintura geral, recupera\u00e7\u00e3o e impermeabiliza\u00e7\u00e3o do telhado, troca de pisos, substitui\u00e7\u00e3o de portas e fechaduras, troca do forro, revitaliza\u00e7\u00e3o dos banheiros, amplia\u00e7\u00e3o do muro, restaura\u00e7\u00e3o de estruturas, servi\u00e7os gerais de jardinagem e uma completa revis\u00e3o nos sistemas el\u00e9trico e hidr\u00e1ulico.<\/p>\n<p>Hist\u00f3ria &#8211; Com sua constru\u00e7\u00e3o iniciada em julho de 1935, ainda durante a administra\u00e7\u00e3o de Eus\u00ednio Lavigne, o Instituto Municipal de Ensino acabou sendo inaugurado em 1939 pelo prefeito M\u00e1rio Pessoa. Alguns historiadores acrescentam que o IME foi o primeiro gin\u00e1sio p\u00fablico do interior da Bahia. Na obra \u201cEst\u00f3rias da Hist\u00f3ria de Ilh\u00e9us\u201d, por exemplo, Arthur Brand\u00e3o e Milton Ros\u00e1rio informam que o edif\u00edcio foi projetado pelo arquiteto L\u00e9lio Landucci e custou 778 contos de r\u00e9is ao munic\u00edpio. Ainda segundo eles, \u201cem 1\u00ba de janeiro de 1939, o engenheiro Os\u00f3rio de Carvalho entregou ao prefeito M\u00e1rio Pessoa o edif\u00edcio do Gin\u00e1sio Municipal\u201d, espa\u00e7o que, muitas     d\u00e9cadas depois, passou a ser denominado de Instituto Municipal de Ensino Eus\u00ednio Lavigne.<\/p>\n","protected":false},"excerpt":{"rendered":"<p>O espa\u00e7o educacional, que completou recentemente 76 anos de exist\u00eancia, foi beneficiado com diversas melhorias. Entre elas, climatiza\u00e7\u00e3o das salas de aula, pintura geral, recupera\u00e7\u00e3o e impermeabiliza\u00e7\u00e3o do telhado, troca de pisos, substitui\u00e7\u00e3o de portas, troca do forro, revitaliza\u00e7\u00e3o dos banheiros, servi\u00e7os de jardinagem e uma completa revis\u00e3o nos sistemas el\u00e9trico e hidr\u00e1ulico. O Instituto [&hellip;]<\/p>\n","protected":false},"author":2,"featured_media":0,"comment_status":"open","ping_status":"open","sticky":false,"template":"","format":"standard","meta":{"_links_to":"","_links_to_target":""},"categories":[23],"tags":[],"_links":{"self":[{"href":"https:\/\/www.r2cpress.com.br\/v1\/wp-json\/wp\/v2\/posts\/94753"}],"collection":[{"href":"https:\/\/www.r2cpress.com.br\/v1\/wp-json\/wp\/v2\/posts"}],"about":[{"href":"https:\/\/www.r2cpress.com.br\/v1\/wp-json\/wp\/v2\/types\/post"}],"author":[{"embeddable":true,"href":"https:\/\/www.r2cpress.com.br\/v1\/wp-json\/wp\/v2\/users\/2"}],"replies":[{"embeddable":true,"href":"https:\/\/www.r2cpress.com.br\/v1\/wp-json\/wp\/v2\/comments?post=94753"}],"version-history":[{"count":2,"href":"https:\/\/www.r2cpress.com.br\/v1\/wp-json\/wp\/v2\/posts\/94753\/revisions"}],"predecessor-version":[{"id":94756,"href":"https:\/\/www.r2cpress.com.br\/v1\/wp-json\/wp\/v2\/posts\/94753\/revisions\/94756"}],"wp:attachment":[{"href":"https:\/\/www.r2cpress.com.br\/v1\/wp-json\/wp\/v2\/media?parent=94753"}],"wp:term":[{"taxonomy":"category","embeddable":true,"href":"https:\/\/www.r2cpress.com.br\/v1\/wp-json\/wp\/v2\/categories?post=94753"},{"taxonomy":"post_tag","embeddable":true,"href":"https:\/\/www.r2cpress.com.br\/v1\/wp-json\/wp\/v2\/tags?post=94753"}],"curies":[{"name":"wp","href":"https:\/\/api.w.org\/{rel}","templated":true}]}}