{"id":9486,"date":"2011-02-26T00:18:17","date_gmt":"2011-02-26T03:18:17","guid":{"rendered":"http:\/\/www.r2cpress.com.br\/v1\/?p=9486"},"modified":"2011-02-26T00:18:17","modified_gmt":"2011-02-26T03:18:17","slug":"leilao-do-hospital-santa-isabel-pode-ser-embargado","status":"publish","type":"post","link":"https:\/\/www.r2cpress.com.br\/v1\/2011\/02\/26\/leilao-do-hospital-santa-isabel-pode-ser-embargado\/","title":{"rendered":"Leil\u00e3o do Hospital Santa Isabel pode ser embargado"},"content":{"rendered":"<p>Advogados dos trabalhadores do Hospital Santa Isabel, credores do patrim\u00f4nio leiloado dias atr\u00e1s pelo Tribunal Regional do Trabalho para o pagamento de d\u00e9bitos trabalhistas, podem decidir pelo embargo do arremate do pr\u00e9dio, adquirido pela Comercial Rec\u00f4ncavo de Combust\u00edveis Ltda.<\/p>\n<p>Os trabalhadores j\u00e1 demonstraram insatisfa\u00e7\u00e3o com a forma como o pr\u00e9dio foi adquirido, esta semana, pela empresa distribuidora de combust\u00edveis com sede em Santo Ant\u00f4nio de Jesus, durante leil\u00e3o ocorrido em Itabuna. O parcelamento dos 3 milh\u00f5es de reais em dez vezes n\u00e3o agradou os credores e, neste s\u00e1bado (26), os advogados se re\u00fanem em Ilh\u00e9us, para analisar a decis\u00e3o que ser\u00e1 tomada.<\/p>\n<p>O embargo do leil\u00e3o, por lei, deve acontecer no prazo de cinco dias \u00fateis ap\u00f3s a sua realiza\u00e7\u00e3o e este prazo vence na pr\u00f3xima segunda-feira.<\/p>\n<p><!--more--><\/p>\n<p>Davi Pedreira, um dos advogados dos trabalhadores, disse com exclusividade ao <a href = \"http:\/\/www.jornalbahiaonline.com.br\/index.asp?noticia=11030\" target = \"_news\"><b>Jornal Bahia Online<\/b><\/a> que apesar de todos os advogados relacionados \u00e0 causa estarem presentes ao leil\u00e3o, eles n\u00e3o tinham poder de se posicionar a respeito do acordo feito entre o empres\u00e1rio e a Justi\u00e7a.<\/p>\n<p>&#8220;N\u00e3o \u00e9 durante o leil\u00e3o que dizemos se concordamos ou n\u00e3o. Mas podemos legitimar a decis\u00e3o ap\u00f3s ouvir os envolvidos&#8221;, afirma. Com a decis\u00e3o que ser\u00e1 tomada neste domingo, os advogados dir\u00e3o se acatam ou n\u00e3o o resultado do leil\u00e3o.<\/p>\n<p>De acordo com Pedreira, \u00e9 inten\u00e7\u00e3o dos trabalhadores que o pr\u00e9dio do Hospital Santa Isabel seja mantido para a mesma finalidade, considerando a dificuldade de leitos e de servi\u00e7o de sa\u00fade vivenciada por Ilh\u00e9us. &#8220;Claro que todos querem priorizar isso. Pode n\u00e3o ser poss\u00edvel. Mas se um grupo consegue parcelar desta forma a aquisi\u00e7\u00e3o do im\u00f3vel, que a mesma chance seja dada a outros setores da sociedade, inclusive grupos ligados \u00e0 medicina&#8221;, argumenta Davi Pedreira.<\/p>\n<p>Adquirido por 3 milh\u00f5es de reais, o pr\u00e9dio do Hospital Santa Isabel foi avaliado pela Justi\u00e7a em 12 milh\u00f5es. O martelo foi batido por apenas 1\/4 do pre\u00e7o real.<\/p>\n","protected":false},"excerpt":{"rendered":"<p>Advogados dos trabalhadores do Hospital Santa Isabel, credores do patrim\u00f4nio leiloado dias atr\u00e1s pelo Tribunal Regional do Trabalho para o pagamento de d\u00e9bitos trabalhistas, podem decidir pelo embargo do arremate do pr\u00e9dio, adquirido pela Comercial Rec\u00f4ncavo de Combust\u00edveis Ltda. Os trabalhadores j\u00e1 demonstraram insatisfa\u00e7\u00e3o com a forma como o pr\u00e9dio foi adquirido, esta semana, pela [&hellip;]<\/p>\n","protected":false},"author":2,"featured_media":0,"comment_status":"open","ping_status":"open","sticky":false,"template":"","format":"standard","meta":{"_links_to":"","_links_to_target":""},"categories":[1],"tags":[],"_links":{"self":[{"href":"https:\/\/www.r2cpress.com.br\/v1\/wp-json\/wp\/v2\/posts\/9486"}],"collection":[{"href":"https:\/\/www.r2cpress.com.br\/v1\/wp-json\/wp\/v2\/posts"}],"about":[{"href":"https:\/\/www.r2cpress.com.br\/v1\/wp-json\/wp\/v2\/types\/post"}],"author":[{"embeddable":true,"href":"https:\/\/www.r2cpress.com.br\/v1\/wp-json\/wp\/v2\/users\/2"}],"replies":[{"embeddable":true,"href":"https:\/\/www.r2cpress.com.br\/v1\/wp-json\/wp\/v2\/comments?post=9486"}],"version-history":[{"count":2,"href":"https:\/\/www.r2cpress.com.br\/v1\/wp-json\/wp\/v2\/posts\/9486\/revisions"}],"predecessor-version":[{"id":9488,"href":"https:\/\/www.r2cpress.com.br\/v1\/wp-json\/wp\/v2\/posts\/9486\/revisions\/9488"}],"wp:attachment":[{"href":"https:\/\/www.r2cpress.com.br\/v1\/wp-json\/wp\/v2\/media?parent=9486"}],"wp:term":[{"taxonomy":"category","embeddable":true,"href":"https:\/\/www.r2cpress.com.br\/v1\/wp-json\/wp\/v2\/categories?post=9486"},{"taxonomy":"post_tag","embeddable":true,"href":"https:\/\/www.r2cpress.com.br\/v1\/wp-json\/wp\/v2\/tags?post=9486"}],"curies":[{"name":"wp","href":"https:\/\/api.w.org\/{rel}","templated":true}]}}