{"id":94883,"date":"2015-08-01T00:42:39","date_gmt":"2015-08-01T03:42:39","guid":{"rendered":"http:\/\/www.r2cpress.com.br\/v1\/?p=94883"},"modified":"2015-08-01T00:42:39","modified_gmt":"2015-08-01T03:42:39","slug":"denuncia-de-obra-nao-iniciada","status":"publish","type":"post","link":"https:\/\/www.r2cpress.com.br\/v1\/2015\/08\/01\/denuncia-de-obra-nao-iniciada\/","title":{"rendered":"Den\u00fancia de obra n\u00e3o iniciada"},"content":{"rendered":"<div id=\":2wx\" class=\"ii gt m14edeec883335b16 adP adO\">\n<div id=\":2wy\" class=\"a3s\">\n<div dir=\"ltr\">Segundo moradores, a Vila Queiroz, anexo da rua da Horta, est\u00e1 em abandono. S\u00e3o placas de esgotos quebradas e o que mais incomoda \u00e9 a rua que \u00e9 cheia de buracos como mostra as fotos, quando chove vira um verdadeiro campo minado, onde carros tentam desvia dos buracos e moradores tentam n\u00e3o se lambuzar com as po\u00e7as de lama que ficam espalhadas em toda a rua. E o que mais irrita \u00e9 que os moradores disseram que esta rua est\u00e1 pavimentada e asfaltada, segundo a prefeitura.<\/p>\n<div>\n<div id=\"attachment_94884\" style=\"width: 610px\" class=\"wp-caption aligncenter\"><a href=\"http:\/\/www.r2cpress.com.br\/v1\/wp-content\/uploads\/2015\/08\/CAPA.jpg\"><img aria-describedby=\"caption-attachment-94884\" loading=\"lazy\" class=\"size-full wp-image-94884\" src=\"http:\/\/www.r2cpress.com.br\/v1\/wp-content\/uploads\/2015\/08\/CAPA.jpg\" alt=\"CAPA\" width=\"600\" height=\"600\" srcset=\"https:\/\/www.r2cpress.com.br\/v1\/wp-content\/uploads\/2015\/08\/CAPA.jpg 600w, https:\/\/www.r2cpress.com.br\/v1\/wp-content\/uploads\/2015\/08\/CAPA-150x150.jpg 150w, https:\/\/www.r2cpress.com.br\/v1\/wp-content\/uploads\/2015\/08\/CAPA-300x300.jpg 300w\" sizes=\"(max-width: 600px) 100vw, 600px\" \/><\/a><p id=\"caption-attachment-94884\" class=\"wp-caption-text\">CAPA<\/p><\/div>\n<\/div>\n<div>Ent\u00e3o se puder fazer uma mat\u00e9ria sobre esse assunto, chamando aten\u00e7\u00e3o, eu agradeceria.<\/div>\n<div>Se quiserem, pode ir ao local e conferir e fazer perguntas aos moradores que s\u00e3o os mais prejudicados.<\/div>\n<\/div>\n<div class=\"yj6qo\"><\/div>\n<\/div>\n<\/div>\n<div id=\":2um\" class=\"hq gt\"><\/div>\n","protected":false},"excerpt":{"rendered":"<p>Segundo moradores, a Vila Queiroz, anexo da rua da Horta, est\u00e1 em abandono. S\u00e3o placas de esgotos quebradas e o que mais incomoda \u00e9 a rua que \u00e9 cheia de buracos como mostra as fotos, quando chove vira um verdadeiro campo minado, onde carros tentam desvia dos buracos e moradores tentam n\u00e3o se lambuzar com [&hellip;]<\/p>\n","protected":false},"author":2,"featured_media":0,"comment_status":"open","ping_status":"open","sticky":false,"template":"","format":"standard","meta":{"_links_to":"","_links_to_target":""},"categories":[10],"tags":[],"_links":{"self":[{"href":"https:\/\/www.r2cpress.com.br\/v1\/wp-json\/wp\/v2\/posts\/94883"}],"collection":[{"href":"https:\/\/www.r2cpress.com.br\/v1\/wp-json\/wp\/v2\/posts"}],"about":[{"href":"https:\/\/www.r2cpress.com.br\/v1\/wp-json\/wp\/v2\/types\/post"}],"author":[{"embeddable":true,"href":"https:\/\/www.r2cpress.com.br\/v1\/wp-json\/wp\/v2\/users\/2"}],"replies":[{"embeddable":true,"href":"https:\/\/www.r2cpress.com.br\/v1\/wp-json\/wp\/v2\/comments?post=94883"}],"version-history":[{"count":1,"href":"https:\/\/www.r2cpress.com.br\/v1\/wp-json\/wp\/v2\/posts\/94883\/revisions"}],"predecessor-version":[{"id":94885,"href":"https:\/\/www.r2cpress.com.br\/v1\/wp-json\/wp\/v2\/posts\/94883\/revisions\/94885"}],"wp:attachment":[{"href":"https:\/\/www.r2cpress.com.br\/v1\/wp-json\/wp\/v2\/media?parent=94883"}],"wp:term":[{"taxonomy":"category","embeddable":true,"href":"https:\/\/www.r2cpress.com.br\/v1\/wp-json\/wp\/v2\/categories?post=94883"},{"taxonomy":"post_tag","embeddable":true,"href":"https:\/\/www.r2cpress.com.br\/v1\/wp-json\/wp\/v2\/tags?post=94883"}],"curies":[{"name":"wp","href":"https:\/\/api.w.org\/{rel}","templated":true}]}}