{"id":94920,"date":"2015-08-04T14:04:17","date_gmt":"2015-08-04T17:04:17","guid":{"rendered":"http:\/\/www.r2cpress.com.br\/v1\/?p=94920"},"modified":"2015-08-04T14:04:17","modified_gmt":"2015-08-04T17:04:17","slug":"presidente-da-aci-apresentou-parcerias-com-sebrae-e-uesc","status":"publish","type":"post","link":"https:\/\/www.r2cpress.com.br\/v1\/2015\/08\/04\/presidente-da-aci-apresentou-parcerias-com-sebrae-e-uesc\/","title":{"rendered":"Presidente da ACI apresentou parcerias com Sebrae e Uesc"},"content":{"rendered":"<p>Na primeira reuni\u00e3o da diretoria (Bi\u00eanio 2015-2017) realizada nesta segunda-feira, 3, o novo presidente da Associa\u00e7\u00e3o Comercial e Empresarial de Itabuna, Ronaldo Abude apresentou a classe representada, a parceria firmada com o Sebrae para a constru\u00e7\u00e3o do Planejamento Estrat\u00e9gico da entidade e, o projeto a ser desenvolvido com a Universidade Estadual de Santa Cruz (Uesc) com cursos de extens\u00e3o.<\/p>\n<p>A constru\u00e7\u00e3o de um Planejamento Estrat\u00e9gico \u00e9 uma das prioridades destacadas pelo empres\u00e1rio na solenidade de posse para alcan\u00e7ar os objetivos da entidade. \u201cA ideia \u00e9 organizar a Associa\u00e7\u00e3o Comercial para depois colocar em pr\u00e1tica as a\u00e7\u00f5es que pretendemos fazer, como participar das principais decis\u00f5es do nosso munic\u00edpio e promover a\u00e7\u00f5es para atrair o associado\u201d, destacou.<\/p>\n<p>Para auxiliar na elabora\u00e7\u00e3o do planejamento, o Consultor S\u00eanior do Sebrae, Carlos Eduardo Costa estar\u00e1 apresentando, ainda esse m\u00eas, \u00e0 diretoria da Associa\u00e7\u00e3o, os procedimentos necess\u00e1rias para que ela possa definir suas metas. \u201cN\u00f3s iremos trocar informa\u00e7\u00f5es e eu irei facilitar que a pr\u00f3pria Associa\u00e7\u00e3o encontre, no planejamento estrat\u00e9gico, a melhor ferramenta de trabalho para os pr\u00f3ximos dois anos da diretoria\u201d.<\/p>\n<p>J\u00e1 a parceria com a Uesc, visa oferecer cursos de extens\u00e3o aos associados da ACI, a partir de uma demanda sinalizada pela pr\u00f3pria entidade. Segundo o Pr\u00f3-Reitor de Extens\u00e3o, Alessandro Santana, os Departamentos de Administra\u00e7\u00e3o e Ci\u00eancias Cont\u00e1beis j\u00e1 est\u00e3o trabalhando na elabora\u00e7\u00e3o de uma pauta de cursos, seja em gest\u00e3o, marketing, ou no setor financeiro.<\/p>\n<p>\u201cA reitora Ad\u00e9lia Pinheiro j\u00e1 se manifestou favor\u00e1vel com a execu\u00e7\u00e3o dessa parceria e acredito que ser\u00e1 muito importante. N\u00f3s j\u00e1 temos um exemplo bastante exitoso com a Amurc, que trabalhamos com o setor p\u00fablico atrav\u00e9s do programa Agir. E agora, estamos indo para o setor privado, \u00e9 a parcela de contribui\u00e7\u00e3o da Universidade com o empresariado\u201d, revelou o professor.<\/p>\n<p>&nbsp;<\/p>\n","protected":false},"excerpt":{"rendered":"<p>Na primeira reuni\u00e3o da diretoria (Bi\u00eanio 2015-2017) realizada nesta segunda-feira, 3, o novo presidente da Associa\u00e7\u00e3o Comercial e Empresarial de Itabuna, Ronaldo Abude apresentou a classe representada, a parceria firmada com o Sebrae para a constru\u00e7\u00e3o do Planejamento Estrat\u00e9gico da entidade e, o projeto a ser desenvolvido com a Universidade Estadual de Santa Cruz (Uesc) [&hellip;]<\/p>\n","protected":false},"author":2,"featured_media":0,"comment_status":"open","ping_status":"open","sticky":false,"template":"","format":"standard","meta":{"_links_to":"","_links_to_target":""},"categories":[15],"tags":[],"_links":{"self":[{"href":"https:\/\/www.r2cpress.com.br\/v1\/wp-json\/wp\/v2\/posts\/94920"}],"collection":[{"href":"https:\/\/www.r2cpress.com.br\/v1\/wp-json\/wp\/v2\/posts"}],"about":[{"href":"https:\/\/www.r2cpress.com.br\/v1\/wp-json\/wp\/v2\/types\/post"}],"author":[{"embeddable":true,"href":"https:\/\/www.r2cpress.com.br\/v1\/wp-json\/wp\/v2\/users\/2"}],"replies":[{"embeddable":true,"href":"https:\/\/www.r2cpress.com.br\/v1\/wp-json\/wp\/v2\/comments?post=94920"}],"version-history":[{"count":1,"href":"https:\/\/www.r2cpress.com.br\/v1\/wp-json\/wp\/v2\/posts\/94920\/revisions"}],"predecessor-version":[{"id":94921,"href":"https:\/\/www.r2cpress.com.br\/v1\/wp-json\/wp\/v2\/posts\/94920\/revisions\/94921"}],"wp:attachment":[{"href":"https:\/\/www.r2cpress.com.br\/v1\/wp-json\/wp\/v2\/media?parent=94920"}],"wp:term":[{"taxonomy":"category","embeddable":true,"href":"https:\/\/www.r2cpress.com.br\/v1\/wp-json\/wp\/v2\/categories?post=94920"},{"taxonomy":"post_tag","embeddable":true,"href":"https:\/\/www.r2cpress.com.br\/v1\/wp-json\/wp\/v2\/tags?post=94920"}],"curies":[{"name":"wp","href":"https:\/\/api.w.org\/{rel}","templated":true}]}}