{"id":94922,"date":"2015-08-04T19:10:54","date_gmt":"2015-08-04T22:10:54","guid":{"rendered":"http:\/\/www.r2cpress.com.br\/v1\/?p=94922"},"modified":"2015-08-04T19:10:54","modified_gmt":"2015-08-04T22:10:54","slug":"prefeitura-e-estado-definem-medida-para-conter-o-avanco-do-mar-na-zona-norte-de-ilheus","status":"publish","type":"post","link":"https:\/\/www.r2cpress.com.br\/v1\/2015\/08\/04\/prefeitura-e-estado-definem-medida-para-conter-o-avanco-do-mar-na-zona-norte-de-ilheus\/","title":{"rendered":"Prefeitura e Estado definem medida para conter o avan\u00e7o do mar na zona norte de Ilh\u00e9us"},"content":{"rendered":"<p><em>A recomposi\u00e7\u00e3o da barreira de pedras ser\u00e1 iniciada assim que for definida a empresa respons\u00e1vel pela obra<\/em><\/p>\n<div id=\"attachment_94924\" style=\"width: 560px\" class=\"wp-caption aligncenter\"><a href=\"http:\/\/www.r2cpress.com.br\/v1\/wp-content\/uploads\/2015\/08\/Avan\u00e7o-Mar\u00e9.jpg\"><img aria-describedby=\"caption-attachment-94924\" loading=\"lazy\" class=\"size-full wp-image-94924\" src=\"http:\/\/www.r2cpress.com.br\/v1\/wp-content\/uploads\/2015\/08\/Avan\u00e7o-Mar\u00e9.jpg\" alt=\"Avan\u00e7o Mar\u00e9\" width=\"550\" height=\"325\" srcset=\"https:\/\/www.r2cpress.com.br\/v1\/wp-content\/uploads\/2015\/08\/Avan\u00e7o-Mar\u00e9.jpg 550w, https:\/\/www.r2cpress.com.br\/v1\/wp-content\/uploads\/2015\/08\/Avan\u00e7o-Mar\u00e9-300x177.jpg 300w\" sizes=\"(max-width: 550px) 100vw, 550px\" \/><\/a><p id=\"caption-attachment-94924\" class=\"wp-caption-text\">Avan\u00e7o Mar\u00e9<\/p><\/div>\n<p>Atendendo a solicita\u00e7\u00e3o do prefeito Jabes Ribeiro, estiveram em Ilh\u00e9us, nesta ter\u00e7a-feira, dia 4, o superintendente da Secretaria de Infraestrutura da Bahia, Saulo Pontes, e o engenheiro mar\u00edtimo Aleixo Belov, para avaliar a aplica\u00e7\u00e3o de medidas emergenciais contra o avan\u00e7o do mar sobre a orla norte da cidade, especificamente no bairro S\u00e3o Domingos. De acordo com Pontes, o principal objetivo, neste momento, \u00e9 impedir que a \u00e1gua atinja a BA-001, conhecida como Rodovia Ilh\u00e9us-Itacar\u00e9, e interrompa o tr\u00e1fego na regi\u00e3o.<\/p>\n<p>Durante a manh\u00e3, os representantes do governo do Estado, acompanhados pelos secret\u00e1rios municipais de Infraestrutura, Isaac Albagli, de Meio Ambiente e Urbanismo, Antonio Vieira, de Rela\u00e7\u00f5es Institucionais, Frederico V\u00e9sper, e do superintendente de Obras do munic\u00edpio, Derneval Furtunato, visitaram o Bairro S\u00e3o Domingos, onde a mar\u00e9 j\u00e1 destruiu parte do acostamento da rodovia BA 001.<\/p>\n<p>De acordo com o engenheiro Aleixo Belov, um dos mais respeitados da \u00e1rea, em curto prazo, ser\u00e1 necess\u00e1rio recompor a barreira de pedras, a fim de diminuir a for\u00e7a com que a onda chega \u00e0 faixa de areia. O superintendente de Infraestrutura da Bahia, Saulo Pontes, informou que o servi\u00e7o ser\u00e1 iniciado o mais r\u00e1pido poss\u00edvel, assim que for definida a forma como ser\u00e1 refeita a parede de rochas e a empresa que executar\u00e1 a obra.<\/p>\n<p><strong>Avan\u00e7o &#8211;<\/strong> O avan\u00e7o do mar naquela regi\u00e3o de Ilh\u00e9us se deve \u00e0 constru\u00e7\u00e3o do Porto do Malhado, que resultou no recuo da \u00e1gua na orla central e seu consequente avan\u00e7o ao norte.\u00a0 Segundo Saulo Pontes, al\u00e9m da medida emergencial que est\u00e1 sendo providenciada, a Secretaria de Infraestrutura da Bahia e o Minist\u00e9rio da Integra\u00e7\u00e3o Nacional, por solicita\u00e7\u00e3o do prefeito Jabes Ribeiro, j\u00e1 iniciaram os estudos para a constru\u00e7\u00e3o de novos espig\u00f5es, que s\u00e3o estruturas utilizadas para diminuir a for\u00e7a das ondas que atingem a costa.<\/p>\n<p><strong>Secretaria de Comunica\u00e7\u00e3o Social \u2013 Secom.<\/strong><\/p>\n<p>&nbsp;<\/p>\n","protected":false},"excerpt":{"rendered":"<p>A recomposi\u00e7\u00e3o da barreira de pedras ser\u00e1 iniciada assim que for definida a empresa respons\u00e1vel pela obra Atendendo a solicita\u00e7\u00e3o do prefeito Jabes Ribeiro, estiveram em Ilh\u00e9us, nesta ter\u00e7a-feira, dia 4, o superintendente da Secretaria de Infraestrutura da Bahia, Saulo Pontes, e o engenheiro mar\u00edtimo Aleixo Belov, para avaliar a aplica\u00e7\u00e3o de medidas emergenciais contra [&hellip;]<\/p>\n","protected":false},"author":2,"featured_media":0,"comment_status":"open","ping_status":"open","sticky":false,"template":"","format":"standard","meta":{"_links_to":"","_links_to_target":""},"categories":[29,23],"tags":[],"_links":{"self":[{"href":"https:\/\/www.r2cpress.com.br\/v1\/wp-json\/wp\/v2\/posts\/94922"}],"collection":[{"href":"https:\/\/www.r2cpress.com.br\/v1\/wp-json\/wp\/v2\/posts"}],"about":[{"href":"https:\/\/www.r2cpress.com.br\/v1\/wp-json\/wp\/v2\/types\/post"}],"author":[{"embeddable":true,"href":"https:\/\/www.r2cpress.com.br\/v1\/wp-json\/wp\/v2\/users\/2"}],"replies":[{"embeddable":true,"href":"https:\/\/www.r2cpress.com.br\/v1\/wp-json\/wp\/v2\/comments?post=94922"}],"version-history":[{"count":2,"href":"https:\/\/www.r2cpress.com.br\/v1\/wp-json\/wp\/v2\/posts\/94922\/revisions"}],"predecessor-version":[{"id":94925,"href":"https:\/\/www.r2cpress.com.br\/v1\/wp-json\/wp\/v2\/posts\/94922\/revisions\/94925"}],"wp:attachment":[{"href":"https:\/\/www.r2cpress.com.br\/v1\/wp-json\/wp\/v2\/media?parent=94922"}],"wp:term":[{"taxonomy":"category","embeddable":true,"href":"https:\/\/www.r2cpress.com.br\/v1\/wp-json\/wp\/v2\/categories?post=94922"},{"taxonomy":"post_tag","embeddable":true,"href":"https:\/\/www.r2cpress.com.br\/v1\/wp-json\/wp\/v2\/tags?post=94922"}],"curies":[{"name":"wp","href":"https:\/\/api.w.org\/{rel}","templated":true}]}}