{"id":94932,"date":"2015-08-05T14:29:41","date_gmt":"2015-08-05T17:29:41","guid":{"rendered":"http:\/\/www.r2cpress.com.br\/v1\/?p=94932"},"modified":"2015-08-05T14:29:41","modified_gmt":"2015-08-05T17:29:41","slug":"tenda-recebe-segunda-edicao-do-encontro-de-compositores-na-proxima-sexta","status":"publish","type":"post","link":"https:\/\/www.r2cpress.com.br\/v1\/2015\/08\/05\/tenda-recebe-segunda-edicao-do-encontro-de-compositores-na-proxima-sexta\/","title":{"rendered":"TENDA RECEBE SEGUNDA EDI\u00c7\u00c3O DO &#8220;ENCONTRO DE COMPOSITORES&#8221; NA PR\u00d3XIMA SEXTA"},"content":{"rendered":"<div id=\":143\" class=\"ii gt m14efec7e05370df6 adP adO\">\n<div id=\":142\" class=\"a3s\">\n<div dir=\"ltr\">\n<div>Na pr\u00f3xima sexta-feira, dia 7, \u00e0s 20h, a Tenda Teatro Popular de Ilh\u00e9us, localizada na Avenida Soares Lopes, recebe a segunda edi\u00e7\u00e3o do &#8220;Encontro de Compositores&#8221;.<\/div>\n<div>\nO evento faz parte da programa\u00e7\u00e3o da Tenda para o m\u00eas de agosto, montada em comemora\u00e7\u00e3o aos 20 anos do Teatro Popular de Ilh\u00e9us (TPI). Confira a programa\u00e7\u00e3o completa neste link: <a href=\"http:\/\/goo.gl\/S2fh3v\" target=\"_blank\">http:\/\/goo.gl\/S2fh3v<\/a><\/div>\n<div>A proposta \u00e9 reunir quatro compositores da regi\u00e3o, acompanhados por um percussionista, num show musical autoral.<\/div>\n<div>Nesta edi\u00e7\u00e3o, dois encontros ser\u00e3o realizados. No primeiro, que acontece na sexta, se apresentam Jef Rodriguez, Cl\u00e1udio Vieira, Djalma Assis e Eddy Oliveira.<\/div>\n<div>\nJ\u00e1 no segundo, a ser realizado no pr\u00f3ximo dia 21, \u00e9 a vez das compositoras Dona Val, Shailla, Ize Duque e Aline Marianne subirem no palco.<\/div>\n<div>\nO ingresso individual para o &#8220;Encontro de Compositores&#8221; custa R$ 12 (inteira) e R$ 6 (meia), podendo ser adquirido na livraria Papirus, Globo Festas e bilheteria da Tenda. A classifica\u00e7\u00e3o indicativa \u00e9 de 14 anos.<\/div>\n<div>\nO Teatro Popular de Ilh\u00e9us \u00e9 uma das 15 institui\u00e7\u00f5es apoiadas pelo programa A\u00e7\u00f5es Continuadas a Institui\u00e7\u00f5es Culturais, iniciativa da Secretaria de Cultura do Estado da Bahia (SecultBA) atrav\u00e9s do Fundo de Cultura da Bahia (FCBA).<\/div>\n<\/div>\n<div class=\"yj6qo\"><\/div>\n<\/div>\n<\/div>\n<div id=\":14z\" class=\"hq gt a10\">\n<div class=\"hp\"><\/div>\n<div class=\"a3I\"><\/div>\n<\/div>\n","protected":false},"excerpt":{"rendered":"<p>Na pr\u00f3xima sexta-feira, dia 7, \u00e0s 20h, a Tenda Teatro Popular de Ilh\u00e9us, localizada na Avenida Soares Lopes, recebe a segunda edi\u00e7\u00e3o do &#8220;Encontro de Compositores&#8221;. O evento faz parte da programa\u00e7\u00e3o da Tenda para o m\u00eas de agosto, montada em comemora\u00e7\u00e3o aos 20 anos do Teatro Popular de Ilh\u00e9us (TPI). Confira a programa\u00e7\u00e3o completa [&hellip;]<\/p>\n","protected":false},"author":2,"featured_media":0,"comment_status":"open","ping_status":"open","sticky":false,"template":"","format":"standard","meta":{"_links_to":"","_links_to_target":""},"categories":[5],"tags":[],"_links":{"self":[{"href":"https:\/\/www.r2cpress.com.br\/v1\/wp-json\/wp\/v2\/posts\/94932"}],"collection":[{"href":"https:\/\/www.r2cpress.com.br\/v1\/wp-json\/wp\/v2\/posts"}],"about":[{"href":"https:\/\/www.r2cpress.com.br\/v1\/wp-json\/wp\/v2\/types\/post"}],"author":[{"embeddable":true,"href":"https:\/\/www.r2cpress.com.br\/v1\/wp-json\/wp\/v2\/users\/2"}],"replies":[{"embeddable":true,"href":"https:\/\/www.r2cpress.com.br\/v1\/wp-json\/wp\/v2\/comments?post=94932"}],"version-history":[{"count":2,"href":"https:\/\/www.r2cpress.com.br\/v1\/wp-json\/wp\/v2\/posts\/94932\/revisions"}],"predecessor-version":[{"id":94934,"href":"https:\/\/www.r2cpress.com.br\/v1\/wp-json\/wp\/v2\/posts\/94932\/revisions\/94934"}],"wp:attachment":[{"href":"https:\/\/www.r2cpress.com.br\/v1\/wp-json\/wp\/v2\/media?parent=94932"}],"wp:term":[{"taxonomy":"category","embeddable":true,"href":"https:\/\/www.r2cpress.com.br\/v1\/wp-json\/wp\/v2\/categories?post=94932"},{"taxonomy":"post_tag","embeddable":true,"href":"https:\/\/www.r2cpress.com.br\/v1\/wp-json\/wp\/v2\/tags?post=94932"}],"curies":[{"name":"wp","href":"https:\/\/api.w.org\/{rel}","templated":true}]}}