{"id":94984,"date":"2015-08-07T11:01:38","date_gmt":"2015-08-07T14:01:38","guid":{"rendered":"http:\/\/www.r2cpress.com.br\/v1\/?p=94984"},"modified":"2015-08-07T11:01:38","modified_gmt":"2015-08-07T14:01:38","slug":"associacao-nacional-dos-delegados-de-policia-federal-adpf","status":"publish","type":"post","link":"https:\/\/www.r2cpress.com.br\/v1\/2015\/08\/07\/associacao-nacional-dos-delegados-de-policia-federal-adpf\/","title":{"rendered":"Associa\u00e7\u00e3o Nacional dos Delegados de Pol\u00edcia Federal (ADPF)"},"content":{"rendered":"<h1 style=\"text-align: center;\"><span style=\"color: #000000;\"><strong>Nota P\u00fablica da ADPF<\/strong><\/span><\/h1>\n<p style=\"text-align: center;\"><em>Entidade repudia as declara\u00e7\u00f5es do Ministro do Planejamento, Nelson Barbosa<\/em><\/p>\n<p>A Associa\u00e7\u00e3o Nacional dos Delegados de Pol\u00edcia Federal (ADPF) repudia as declara\u00e7\u00f5es do Ministro do Planejamento, Nelson Barbosa, que afirmou: &#8220;n\u00e3o se deve constitucionalizar negocia\u00e7\u00f5es salariais de servidores&#8221; mediante a vincula\u00e7\u00e3o de subs\u00eddios das carreiras jur\u00eddicas \u00e0 remunera\u00e7\u00e3o de ministros do Supremo Tribunal Federal (STF).<\/p>\n<p>A Constitui\u00e7\u00e3o Federal de 1988 estabelece que nenhum servidor p\u00fablico ter\u00e1 subs\u00eddio superior ao de um Ministro do STF. Nesse contexto a PEC 443 simplesmente disp\u00f5e sobre um subteto de 90,25% para as carreiras jur\u00eddicas dos delegados, advogados e defensores p\u00fablicos. Como ali\u00e1s j\u00e1 ocorre na magistratura e no Minist\u00e9rio P\u00fablico. Portanto, a PEC 443 tem como finalidade o fim do tratamento diferenciado entre as carreiras jur\u00eddicas de estado.<\/p>\n<p>Cabe esclarecer ainda que n\u00e3o procede o impacto imediato informado pelo Minist\u00e9rio do Planejamento, pois depois de promulgada, a PEC s\u00f3 produzir\u00e1 efeitos a partir dos 2 anos seguintes e ainda depender\u00e1 de lei do Poder Executivo que discipline os limites remunerat\u00f3rios estabelecidos para as diversas classes dos 2861 Delegados Federais.<\/p>\n<p>Em s\u00edntese, nenhum Delegado de Pol\u00edcia Federal ocupante da mais elevada classe da carreira poder\u00e1 perceber subs\u00eddio superior ao subteto estabelecido. E na Pol\u00edcia Federal n\u00e3o tem burla aos limites remunerat\u00f3rios fixados na Constitui\u00e7\u00e3o.<\/p>\n<p>No tocante a suposta negocia\u00e7\u00e3o salarial no Executivo, no dia 4 de agosto, o Minist\u00e9rio do Planejamento, reiterou a proposta de reajuste salarial de 21,3% em quatro anos, al\u00e9m de informar que n\u00e3o tem qualquer resposta \u00e0 proposta de reestrutura\u00e7\u00e3o da Pol\u00edcia Federal.<\/p>\n<p>Para os Delegados Federais o tratamento dispensado pelo governo \u00e0 carreira e \u00e0 Pol\u00edcia Federal n\u00e3o condiz com a relev\u00e2ncia de ambas. N\u00e3o havendo sentido em continuar uma negocia\u00e7\u00e3o, sem passar pela necess\u00e1ria e desejada reestrutura\u00e7\u00e3o da institui\u00e7\u00e3o.<\/p>\n<table class=\" aligncenter\" width=\"100%\" bgcolor=\"#d2ab67\">\n<tbody>\n<tr>\n<td><\/td>\n<\/tr>\n<\/tbody>\n<\/table>\n<table class=\" aligncenter\" width=\"100%\" align=\"center\" bgcolor=\"#5d5d5d\">\n<tbody>\n<tr>\n<td>\n<table width=\"615px\" cellspacing=\"10\" cellpadding=\"0\" align=\"center\">\n<tbody>\n<tr align=\"center\">\n<td>ASSOCIA\u00c7\u00c3O NACIONAL DOS DELEGADOS DE POL\u00cdCIA FEDERAL<br \/>\nSHIS QI 07 conj. 06 casa 02 &#8211; Lago Sul, \u00a0Bras\u00edlia\/DF &#8211; CEP 71.615-260<br \/>\nCentral de Atendimentos: 0800.721.2373<\/td>\n<\/tr>\n<\/tbody>\n<\/table>\n<\/td>\n<\/tr>\n<\/tbody>\n<\/table>\n","protected":false},"excerpt":{"rendered":"<p>Nota P\u00fablica da ADPF Entidade repudia as declara\u00e7\u00f5es do Ministro do Planejamento, Nelson Barbosa A Associa\u00e7\u00e3o Nacional dos Delegados de Pol\u00edcia Federal (ADPF) repudia as declara\u00e7\u00f5es do Ministro do Planejamento, Nelson Barbosa, que afirmou: &#8220;n\u00e3o se deve constitucionalizar negocia\u00e7\u00f5es salariais de servidores&#8221; mediante a vincula\u00e7\u00e3o de subs\u00eddios das carreiras jur\u00eddicas \u00e0 remunera\u00e7\u00e3o de ministros do [&hellip;]<\/p>\n","protected":false},"author":2,"featured_media":0,"comment_status":"open","ping_status":"open","sticky":false,"template":"","format":"standard","meta":{"_links_to":"","_links_to_target":""},"categories":[18],"tags":[],"_links":{"self":[{"href":"https:\/\/www.r2cpress.com.br\/v1\/wp-json\/wp\/v2\/posts\/94984"}],"collection":[{"href":"https:\/\/www.r2cpress.com.br\/v1\/wp-json\/wp\/v2\/posts"}],"about":[{"href":"https:\/\/www.r2cpress.com.br\/v1\/wp-json\/wp\/v2\/types\/post"}],"author":[{"embeddable":true,"href":"https:\/\/www.r2cpress.com.br\/v1\/wp-json\/wp\/v2\/users\/2"}],"replies":[{"embeddable":true,"href":"https:\/\/www.r2cpress.com.br\/v1\/wp-json\/wp\/v2\/comments?post=94984"}],"version-history":[{"count":3,"href":"https:\/\/www.r2cpress.com.br\/v1\/wp-json\/wp\/v2\/posts\/94984\/revisions"}],"predecessor-version":[{"id":94987,"href":"https:\/\/www.r2cpress.com.br\/v1\/wp-json\/wp\/v2\/posts\/94984\/revisions\/94987"}],"wp:attachment":[{"href":"https:\/\/www.r2cpress.com.br\/v1\/wp-json\/wp\/v2\/media?parent=94984"}],"wp:term":[{"taxonomy":"category","embeddable":true,"href":"https:\/\/www.r2cpress.com.br\/v1\/wp-json\/wp\/v2\/categories?post=94984"},{"taxonomy":"post_tag","embeddable":true,"href":"https:\/\/www.r2cpress.com.br\/v1\/wp-json\/wp\/v2\/tags?post=94984"}],"curies":[{"name":"wp","href":"https:\/\/api.w.org\/{rel}","templated":true}]}}