{"id":94988,"date":"2015-08-07T11:26:23","date_gmt":"2015-08-07T14:26:23","guid":{"rendered":"http:\/\/www.r2cpress.com.br\/v1\/?p=94988"},"modified":"2015-08-07T11:26:23","modified_gmt":"2015-08-07T14:26:23","slug":"copa-intermunicipal-de-marcha-picada-acontece-em-ilheus","status":"publish","type":"post","link":"https:\/\/www.r2cpress.com.br\/v1\/2015\/08\/07\/copa-intermunicipal-de-marcha-picada-acontece-em-ilheus\/","title":{"rendered":"Copa Intermunicipal de Marcha Picada acontece em Ilh\u00e9us"},"content":{"rendered":"<p style=\"text-align: center;\"><em>Evento coloca o munic\u00edpio no cen\u00e1rio nacional de competi\u00e7\u00f5es envolvendo equinos<\/em><\/p>\n<p>Ilh\u00e9us recebe, nos dias 29 e 30 de agosto, a 1\u00aa Copa Intermunicipal de Marcha Picada. Programado para acontecer no Haras Ilha Bela, no distrito Rio do Bra\u00e7o, Zona Norte, no quil\u00f4metro 24 da rodovia Ilh\u00e9us\/Uru\u00e7uca, o evento tem o apoio da Prefeitura de Ilh\u00e9us e contar\u00e1 com cursos, atra\u00e7\u00f5es musicais e competi\u00e7\u00f5es.<\/p>\n<p>A Copa abre sua programa\u00e7\u00e3o, no dia 29, com a realiza\u00e7\u00e3o do Curso de Manejo Equino, com carga hor\u00e1ria de 8h, oferecido pela professora da Universidade Estadual de Santa Cruz e especialista em diagn\u00f3sticos de cirurgia veterin\u00e1ria, Dr\u00aa Maria Am\u00e9lia Fernandes. A inscri\u00e7\u00e3o para uma das 40 vagas, com almo\u00e7o e certifica\u00e7\u00e3o, custa R$ 70 e pode ser feita atrav\u00e9s do endere\u00e7o eletr\u00f4nico<a href=\"http:\/\/www.harasilhabela.com.br\/\">www.harasilhabela.com.br<\/a>. Com entrada gratuita, tamb\u00e9m no dia 29, a partir das 20h, haver\u00e1 show musical com a dupla Riand e Henrique.<\/p>\n<p>O organizador do evento, Joca Souza, afirma que a regi\u00e3o sul da Bahia, com grande destaque para Ilh\u00e9us, passa por um grande momento no cen\u00e1rio equino, e \u201cesta \u00e9 uma grande oportunidade para contemplar um evento da categoria, j\u00e1 que o Haras Ilha Bela vem se destacando na regi\u00e3o como um grande criador e fornecedor de cavalos pampa com qualidade de sela\u201d, completa.<\/p>\n<p><strong>Copa \u2013 <\/strong>Os animais ser\u00e3o avaliados e julgados nas categorias de cavalos sem registros, registrados na ra\u00e7a Pampa, Marcha Larga Marchador e Amazonas, no dia 30, a partir das 8h. Os campe\u00f5es e reservados de cada categoria ser\u00e3o premiados e, \u00e0s 16h, disputar\u00e3o uma motocicleta.<\/p>\n<p>As inscri\u00e7\u00f5es podem ser feitas atrav\u00e9s do site <a href=\"http:\/\/www.harasilhabela.com.br\/\">www.harasilhabela.com.br<\/a>, pelos telefones (73) 88091918 ou (73) 99814829 e em balc\u00f5es de lojas agropecu\u00e1rias. A inscri\u00e7\u00e3o custa R$ 130.<\/p>\n<p>&#8212;<\/p>\n<p><strong>Secretaria de Comunica\u00e7\u00e3o Social \u2013 Secom.<\/strong><\/p>\n<p><strong>Ilh\u00e9us, 07.08.15<\/strong><\/p>\n","protected":false},"excerpt":{"rendered":"<p>Evento coloca o munic\u00edpio no cen\u00e1rio nacional de competi\u00e7\u00f5es envolvendo equinos Ilh\u00e9us recebe, nos dias 29 e 30 de agosto, a 1\u00aa Copa Intermunicipal de Marcha Picada. Programado para acontecer no Haras Ilha Bela, no distrito Rio do Bra\u00e7o, Zona Norte, no quil\u00f4metro 24 da rodovia Ilh\u00e9us\/Uru\u00e7uca, o evento tem o apoio da Prefeitura de [&hellip;]<\/p>\n","protected":false},"author":2,"featured_media":0,"comment_status":"open","ping_status":"open","sticky":false,"template":"","format":"standard","meta":{"_links_to":"","_links_to_target":""},"categories":[23],"tags":[],"_links":{"self":[{"href":"https:\/\/www.r2cpress.com.br\/v1\/wp-json\/wp\/v2\/posts\/94988"}],"collection":[{"href":"https:\/\/www.r2cpress.com.br\/v1\/wp-json\/wp\/v2\/posts"}],"about":[{"href":"https:\/\/www.r2cpress.com.br\/v1\/wp-json\/wp\/v2\/types\/post"}],"author":[{"embeddable":true,"href":"https:\/\/www.r2cpress.com.br\/v1\/wp-json\/wp\/v2\/users\/2"}],"replies":[{"embeddable":true,"href":"https:\/\/www.r2cpress.com.br\/v1\/wp-json\/wp\/v2\/comments?post=94988"}],"version-history":[{"count":2,"href":"https:\/\/www.r2cpress.com.br\/v1\/wp-json\/wp\/v2\/posts\/94988\/revisions"}],"predecessor-version":[{"id":94990,"href":"https:\/\/www.r2cpress.com.br\/v1\/wp-json\/wp\/v2\/posts\/94988\/revisions\/94990"}],"wp:attachment":[{"href":"https:\/\/www.r2cpress.com.br\/v1\/wp-json\/wp\/v2\/media?parent=94988"}],"wp:term":[{"taxonomy":"category","embeddable":true,"href":"https:\/\/www.r2cpress.com.br\/v1\/wp-json\/wp\/v2\/categories?post=94988"},{"taxonomy":"post_tag","embeddable":true,"href":"https:\/\/www.r2cpress.com.br\/v1\/wp-json\/wp\/v2\/tags?post=94988"}],"curies":[{"name":"wp","href":"https:\/\/api.w.org\/{rel}","templated":true}]}}