{"id":94991,"date":"2015-08-07T12:18:17","date_gmt":"2015-08-07T15:18:17","guid":{"rendered":"http:\/\/www.r2cpress.com.br\/v1\/?p=94991"},"modified":"2015-08-07T12:18:17","modified_gmt":"2015-08-07T15:18:17","slug":"prefeitura-de-ilheus-convida-entidades-para-o-desfile-civico-de-7-de-setembro","status":"publish","type":"post","link":"https:\/\/www.r2cpress.com.br\/v1\/2015\/08\/07\/prefeitura-de-ilheus-convida-entidades-para-o-desfile-civico-de-7-de-setembro\/","title":{"rendered":"Prefeitura de Ilh\u00e9us convida entidades para o Desfile C\u00edvico de 7 de Setembro"},"content":{"rendered":"<p align=\"center\"><i><span style=\"color: #000000;\">Evento tem como tema \u201cBrasil, natureza viva e sustent\u00e1vel: Dever de todos n\u00f3s\u201d. Associa\u00e7\u00f5es, escolas, sindicatos e corpora\u00e7\u00f5es militares j\u00e1 podem se inscrever para participar do ato<\/span><\/i><\/p>\n<p>A Prefeitura de Ilh\u00e9us, atrav\u00e9s da Secretaria de Educa\u00e7\u00e3o (Seduc), disponibiliza cadastro para entidades organizadas civis e militares que tenham interesse em participar do Desfile C\u00edvico em comemora\u00e7\u00e3o \u00e0 Independ\u00eancia do Brasil, no pr\u00f3ximo dia sete de setembro. De acordo com documento divulgado pela Seduc, o convite tem por objetivo fortalecer o patriotismo durante o evento, que abordar\u00e1 o tema \u201cBrasil, natureza viva e sustent\u00e1vel: Dever de todos n\u00f3s\u201d.<\/p>\n<p><span style=\"color: #000000;\">Para participar do desfile, as escolas, privadas ou p\u00fablicas, entidades sociais, sindicatos trabalhistas, associa\u00e7\u00f5es, corpora\u00e7\u00f5es militares, dever\u00e3o entregar a ficha de inscri\u00e7\u00e3o, o termo de responsabilidade e o hist\u00f3rico de atividades diretamente na sede da Secretaria de Educa\u00e7\u00e3o do Munic\u00edpio, localizada na Avenida Soares Lopes, n\u00ba 840, das 13h30min \u00e0s 17h, at\u00e9 o dia 22 deste m\u00eas, ou pelo email <a href=\"mailto:seducilheus@hotmail.com\" target=\"_blank\">seducilheus@hotmail.com<\/a>.<\/span><\/p>\n<p><span style=\"color: #000000;\">O tema deste ano, de acordo com a titular da Seduc, Marl\u00facia Rocha, busca sensibilizar a popula\u00e7\u00e3o sobre a import\u00e2ncia do respeito \u00e0 diversidade cultural e ambiental, retratando seu povo e sua hist\u00f3ria. A tem\u00e1tica, assim como os demais detalhes do ato c\u00edvico, foi definida pelo Comit\u00ea Organizador, durante reuni\u00e3o realizada no dia 27 de julho, no Pal\u00e1cio Paranagu\u00e1, sede da administra\u00e7\u00e3o municipal.<\/span><\/p>\n<p><span style=\"color: #000000;\"><b>Desfile \u2013 <\/b>O evento c\u00edvico ser\u00e1 iniciado \u00e0s 8h30min do dia sete de setembro, na Avenida Soares Lopes, com revista \u00e0s tropas pelas autoridades, seguida do in\u00edcio do desfile. O regulamento do ato foi elaborado, ap\u00f3s sucessivas discuss\u00f5es, pela Comiss\u00e3o Organizadora, composta pelas secretarias municipais de Educa\u00e7\u00e3o, Administra\u00e7\u00e3o, Sa\u00fade, Turismo e Esporte e Infraestrutura, Transporte e Tr\u00e2nsito, al\u00e9m da Guarda Municipal, Gabinete do Prefeito, For\u00e7as Armadas, Pol\u00edcia e Bombeiros Militares.<\/span><\/p>\n<p><span style=\"color: #000000;\">\u00a0&#8212;<\/span><\/p>\n<p><b><span style=\"color: #000000;\">Secretaria de Comunica\u00e7\u00e3o Social \u2013 Secom.<\/span><\/b><\/p>\n","protected":false},"excerpt":{"rendered":"<p>Evento tem como tema \u201cBrasil, natureza viva e sustent\u00e1vel: Dever de todos n\u00f3s\u201d. Associa\u00e7\u00f5es, escolas, sindicatos e corpora\u00e7\u00f5es militares j\u00e1 podem se inscrever para participar do ato A Prefeitura de Ilh\u00e9us, atrav\u00e9s da Secretaria de Educa\u00e7\u00e3o (Seduc), disponibiliza cadastro para entidades organizadas civis e militares que tenham interesse em participar do Desfile C\u00edvico em comemora\u00e7\u00e3o [&hellip;]<\/p>\n","protected":false},"author":2,"featured_media":0,"comment_status":"open","ping_status":"open","sticky":false,"template":"","format":"standard","meta":{"_links_to":"","_links_to_target":""},"categories":[23],"tags":[],"_links":{"self":[{"href":"https:\/\/www.r2cpress.com.br\/v1\/wp-json\/wp\/v2\/posts\/94991"}],"collection":[{"href":"https:\/\/www.r2cpress.com.br\/v1\/wp-json\/wp\/v2\/posts"}],"about":[{"href":"https:\/\/www.r2cpress.com.br\/v1\/wp-json\/wp\/v2\/types\/post"}],"author":[{"embeddable":true,"href":"https:\/\/www.r2cpress.com.br\/v1\/wp-json\/wp\/v2\/users\/2"}],"replies":[{"embeddable":true,"href":"https:\/\/www.r2cpress.com.br\/v1\/wp-json\/wp\/v2\/comments?post=94991"}],"version-history":[{"count":2,"href":"https:\/\/www.r2cpress.com.br\/v1\/wp-json\/wp\/v2\/posts\/94991\/revisions"}],"predecessor-version":[{"id":94993,"href":"https:\/\/www.r2cpress.com.br\/v1\/wp-json\/wp\/v2\/posts\/94991\/revisions\/94993"}],"wp:attachment":[{"href":"https:\/\/www.r2cpress.com.br\/v1\/wp-json\/wp\/v2\/media?parent=94991"}],"wp:term":[{"taxonomy":"category","embeddable":true,"href":"https:\/\/www.r2cpress.com.br\/v1\/wp-json\/wp\/v2\/categories?post=94991"},{"taxonomy":"post_tag","embeddable":true,"href":"https:\/\/www.r2cpress.com.br\/v1\/wp-json\/wp\/v2\/tags?post=94991"}],"curies":[{"name":"wp","href":"https:\/\/api.w.org\/{rel}","templated":true}]}}