{"id":94999,"date":"2015-08-07T19:29:08","date_gmt":"2015-08-07T22:29:08","guid":{"rendered":"http:\/\/www.r2cpress.com.br\/v1\/?p=94999"},"modified":"2015-08-07T19:29:08","modified_gmt":"2015-08-07T22:29:08","slug":"ilheus-reivindica-obra-de-requalificacao-na-orla-norte","status":"publish","type":"post","link":"https:\/\/www.r2cpress.com.br\/v1\/2015\/08\/07\/ilheus-reivindica-obra-de-requalificacao-na-orla-norte\/","title":{"rendered":"Ilh\u00e9us reivindica obra de requalifica\u00e7\u00e3o na orla norte"},"content":{"rendered":"<p><em>O gestor, acompanhado do vice-governador Jo\u00e3o Le\u00e3o, se reuniu com o ministro Gilberto Occhi para cobrar medidas duradouras<\/em><\/p>\n<p>Reunido esta semana com o ministro da Integra\u00e7\u00e3o Nacional, Gilberto Occhi, e com o vice-governador da Bahia, Jo\u00e3o Le\u00e3o, em Bras\u00edlia, o prefeito de Ilh\u00e9us, Jabes Ribeiro, reivindicou ao Governo Federal a realiza\u00e7\u00e3o de uma obra de revitaliza\u00e7\u00e3o da orla norte, com o objetivo de reduzir impacto do avan\u00e7o do mar naquela regi\u00e3o. O gestor j\u00e1 havia apresentado, em 2013, projeto para conter os preju\u00edzos naquela \u00e1rea.<\/p>\n<p>O projeto entregue ao minist\u00e9rio comprova a necessidade da constru\u00e7\u00e3o de mais dois espig\u00f5es, estrutura que reduz a for\u00e7a da onda, e a revitaliza\u00e7\u00e3o dos j\u00e1 existentes. A reconstru\u00e7\u00e3o de ruas e da rodovia que foram danificadas pela \u00e1gua tamb\u00e9m fazem parte da solicita\u00e7\u00e3o feita pelo gestor ao ministro Occhi. \u201cAs duas iniciativas s\u00e3o complementares, porque n\u00e3o adiantar reconstruirmos sem as medidas para conter a \u00e1gua\u201d, justificou Ribeiro.<\/p>\n<p>As regi\u00f5es que mais sofrem com o problema s\u00e3o os bairros S\u00e3o Miguel e S\u00e3o Domingos. Esse \u00faltimo vive, h\u00e1 cerca de tr\u00eas semanas, com mais preju\u00edzos ocasionados pelo avan\u00e7o do mar. A \u00e1gua atingiu o acostamento da BA 001, que liga Ilh\u00e9us a Itacar\u00e9, interditando parte da pista.<\/p>\n<p><strong>Curto prazo &#8211; <\/strong>Para diminuir a for\u00e7a com que as ondas chegam \u00e0 faixa de areia, ser\u00e1 reconstru\u00edda a barreira de pedras, chamada de enrocamento. Essa decis\u00e3o foi tomada na \u00faltima ter\u00e7a-feira, 04, quando, ap\u00f3s solicita\u00e7\u00e3o do prefeito Jabes Ribeiro, o superintendente de Infraestrutura da Bahia, Saulo Pontes, e o engenheiro mar\u00edtimo Aleixo Belov, estiveram na cidade para visitar a \u00e1rea atingida pela a\u00e7\u00e3o da natureza ao norte do munic\u00edpio.<\/p>\n<p>&#8212;<\/p>\n<p><strong>Secretaria de Comunica\u00e7\u00e3o Social \u2013 Secom.<\/strong><\/p>\n<p>&nbsp;<\/p>\n","protected":false},"excerpt":{"rendered":"<p>O gestor, acompanhado do vice-governador Jo\u00e3o Le\u00e3o, se reuniu com o ministro Gilberto Occhi para cobrar medidas duradouras Reunido esta semana com o ministro da Integra\u00e7\u00e3o Nacional, Gilberto Occhi, e com o vice-governador da Bahia, Jo\u00e3o Le\u00e3o, em Bras\u00edlia, o prefeito de Ilh\u00e9us, Jabes Ribeiro, reivindicou ao Governo Federal a realiza\u00e7\u00e3o de uma obra de [&hellip;]<\/p>\n","protected":false},"author":2,"featured_media":0,"comment_status":"open","ping_status":"open","sticky":false,"template":"","format":"standard","meta":{"_links_to":"","_links_to_target":""},"categories":[29,23],"tags":[],"_links":{"self":[{"href":"https:\/\/www.r2cpress.com.br\/v1\/wp-json\/wp\/v2\/posts\/94999"}],"collection":[{"href":"https:\/\/www.r2cpress.com.br\/v1\/wp-json\/wp\/v2\/posts"}],"about":[{"href":"https:\/\/www.r2cpress.com.br\/v1\/wp-json\/wp\/v2\/types\/post"}],"author":[{"embeddable":true,"href":"https:\/\/www.r2cpress.com.br\/v1\/wp-json\/wp\/v2\/users\/2"}],"replies":[{"embeddable":true,"href":"https:\/\/www.r2cpress.com.br\/v1\/wp-json\/wp\/v2\/comments?post=94999"}],"version-history":[{"count":2,"href":"https:\/\/www.r2cpress.com.br\/v1\/wp-json\/wp\/v2\/posts\/94999\/revisions"}],"predecessor-version":[{"id":95001,"href":"https:\/\/www.r2cpress.com.br\/v1\/wp-json\/wp\/v2\/posts\/94999\/revisions\/95001"}],"wp:attachment":[{"href":"https:\/\/www.r2cpress.com.br\/v1\/wp-json\/wp\/v2\/media?parent=94999"}],"wp:term":[{"taxonomy":"category","embeddable":true,"href":"https:\/\/www.r2cpress.com.br\/v1\/wp-json\/wp\/v2\/categories?post=94999"},{"taxonomy":"post_tag","embeddable":true,"href":"https:\/\/www.r2cpress.com.br\/v1\/wp-json\/wp\/v2\/tags?post=94999"}],"curies":[{"name":"wp","href":"https:\/\/api.w.org\/{rel}","templated":true}]}}