{"id":95002,"date":"2015-08-07T21:01:44","date_gmt":"2015-08-08T00:01:44","guid":{"rendered":"http:\/\/www.r2cpress.com.br\/v1\/?p=95002"},"modified":"2015-08-07T21:01:44","modified_gmt":"2015-08-08T00:01:44","slug":"loja-maconica-vigilancia-e-resistencia","status":"publish","type":"post","link":"https:\/\/www.r2cpress.com.br\/v1\/2015\/08\/07\/loja-maconica-vigilancia-e-resistencia\/","title":{"rendered":"Loja Ma\u00e7\u00f4nica Vigil\u00e2ncia e Resist\u00eancia"},"content":{"rendered":"<p><center><div style=\"width: 522px\" class=\"wp-caption alignnone\"><img loading=\"lazy\" class=\"\" src=\"https:\/\/lh3.googleusercontent.com\/-I4KYBffAP6Y\/VcVF-69_EUI\/AAAAAAABomA\/ocNxOoGNRNE\/s512-Ic42\/CAPA.jpg\" alt=\"\" width=\"512\" height=\"512\" \/><p class=\"wp-caption-text\">VIGIL\u00c2NCIA_POSSE<\/p><\/div><\/center><\/p>\n<p>Solicitamos se poss\u00edvel divulgar a nova administra\u00e7\u00e3o da Loja Ma\u00e7\u00f4nica Vigil\u00e2ncia e Resist\u00eancia do Or.\u2019. de Ilh\u00e9us, filiada a GLEB, cuja posse foi realizada no dia 18\/07, para o per\u00edodo administrativo de 2015 \u2013 2017;<\/p>\n<p style=\"text-align: center;\">\u00a0Vener\u00e1vel Mestre \u00a0(Presidente) &#8211; \u00a0\u00a0Jos\u00e9 Augusto Carvalho<\/p>\n<p style=\"text-align: center;\">1<sup>0 <\/sup>\u00a0Vigilante (1\u00ba Vice-Presidente) &#8211; \u00a0Waldemir Santos da Silva<\/p>\n<p style=\"text-align: center;\">2<sup>0\u00a0 <\/sup>Vigilante (2\u00ba\u00a0 Vice-Presidente) &#8211; Renato Fontana<\/p>\n<p style=\"text-align: center;\">\n<p style=\"text-align: center;\">Orador &#8211;\u00a0\u00a0\u00a0 \u00a0\u00a0\u00a0\u00a0\u00a0Francisco Hugo Felix de Souza<\/p>\n<p style=\"text-align: center;\">Secret\u00e1rio &#8211;\u00a0 Raul C\u00e9sar Requi\u00e3o<\/p>\n<p style=\"text-align: center;\">Tesoureiro &#8211;\u00a0 Renato Burity Oliveira<\/p>\n<p style=\"text-align: center;\">Chanceler &#8211; \u00a0\u00a0Leonardo Garcia Diniz<\/p>\n<p>&nbsp;<\/p>\n<p style=\"text-align: center;\"><em><strong>Resumo do Curriculum do Vener\u00e1vel Mestre \u2013 Jos\u00e9 Augusto Carvalho:<\/strong><\/em><\/p>\n<p>&nbsp;<\/p>\n<p><strong>Iniciado em 30\/04\/1974, possuidor do Grau 33 da Ordem Ma\u00e7\u00f4nica do Rito Escoc\u00eas Antigo e Aceito;<\/strong><\/p>\n<p><strong>Membro Honor\u00e1rio da Loj.\u2019. Ma\u00e7.\u2019. Fraternidade Conquistense;<\/strong><\/p>\n<p><strong>Ven.\u2019. Mest.\u2019. Loja Ma\u00e7.\u2019. Amor e Uni\u00e3o Itapetinguense \u2013 1981-1983;<\/strong><\/p>\n<p><strong>T\u00edtulo Honor\u00edfico e Medalha Montezuma do Sup.\u2019. Cons.\u2019. do Gr,\u2019. 33 em 1994;<\/strong><\/p>\n<p><strong>T\u00edtulo Honor\u00edfico pelos relevantes servi\u00e7os prestados a Ma\u00e7onaria no Or.\u2019. de Itapetinga \u2013 06\/10\/2006;<\/strong><\/p>\n<p><strong>Membro da Academia Ma\u00e7\u00f4nica de Letras e Artes da regi\u00e3o Grapiuna \u2013 AMARCARG;<\/strong><\/p>\n<p><strong>M\u00e9dico Veterin\u00e1rio, formado pela UNIVERSIDADE FEDERAL DA BAHIA no ano de 1970;<\/strong><\/p>\n<p><strong>P\u00f3s Graduado a n\u00edvel de Especializa\u00e7\u00e3o no Ensino das Ci\u00eancias Agr\u00e1rias, Mestrado e Doutorado em Zootecnia, \u00e1rea de Reprodu\u00e7\u00e3o em Ovinos;<\/strong><\/p>\n<p><strong>Desempenhou fun\u00e7\u00f5es eletivas nas Universidades estaduais \u2013 UESB e UESC \u2013 Coordenador de Colegiados de Cursos, Diretor de Departamentos;<\/strong><\/p>\n<p><strong>Paraninfo de diversas turmas de formandos dos cursos de Zootecnia na UESB, de Medicina Veterin\u00e1ria e Agronomia da UESC;<\/strong><\/p>\n<p><strong>Membro da Academia Grapiuna de Letras e Artes \u2013 AGRAL;<\/strong><\/p>\n<p><strong>Membro do Lions Clube Centro Ilh\u00e9us<\/strong><\/p>\n","protected":false},"excerpt":{"rendered":"<p>Solicitamos se poss\u00edvel divulgar a nova administra\u00e7\u00e3o da Loja Ma\u00e7\u00f4nica Vigil\u00e2ncia e Resist\u00eancia do Or.\u2019. de Ilh\u00e9us, filiada a GLEB, cuja posse foi realizada no dia 18\/07, para o per\u00edodo administrativo de 2015 \u2013 2017; \u00a0Vener\u00e1vel Mestre \u00a0(Presidente) &#8211; \u00a0\u00a0Jos\u00e9 Augusto Carvalho 10 \u00a0Vigilante (1\u00ba Vice-Presidente) &#8211; \u00a0Waldemir Santos da Silva 20\u00a0 Vigilante (2\u00ba\u00a0 Vice-Presidente) [&hellip;]<\/p>\n","protected":false},"author":2,"featured_media":0,"comment_status":"open","ping_status":"open","sticky":false,"template":"","format":"standard","meta":{"_links_to":"","_links_to_target":""},"categories":[34],"tags":[],"_links":{"self":[{"href":"https:\/\/www.r2cpress.com.br\/v1\/wp-json\/wp\/v2\/posts\/95002"}],"collection":[{"href":"https:\/\/www.r2cpress.com.br\/v1\/wp-json\/wp\/v2\/posts"}],"about":[{"href":"https:\/\/www.r2cpress.com.br\/v1\/wp-json\/wp\/v2\/types\/post"}],"author":[{"embeddable":true,"href":"https:\/\/www.r2cpress.com.br\/v1\/wp-json\/wp\/v2\/users\/2"}],"replies":[{"embeddable":true,"href":"https:\/\/www.r2cpress.com.br\/v1\/wp-json\/wp\/v2\/comments?post=95002"}],"version-history":[{"count":2,"href":"https:\/\/www.r2cpress.com.br\/v1\/wp-json\/wp\/v2\/posts\/95002\/revisions"}],"predecessor-version":[{"id":95004,"href":"https:\/\/www.r2cpress.com.br\/v1\/wp-json\/wp\/v2\/posts\/95002\/revisions\/95004"}],"wp:attachment":[{"href":"https:\/\/www.r2cpress.com.br\/v1\/wp-json\/wp\/v2\/media?parent=95002"}],"wp:term":[{"taxonomy":"category","embeddable":true,"href":"https:\/\/www.r2cpress.com.br\/v1\/wp-json\/wp\/v2\/categories?post=95002"},{"taxonomy":"post_tag","embeddable":true,"href":"https:\/\/www.r2cpress.com.br\/v1\/wp-json\/wp\/v2\/tags?post=95002"}],"curies":[{"name":"wp","href":"https:\/\/api.w.org\/{rel}","templated":true}]}}