{"id":95027,"date":"2015-08-09T13:23:37","date_gmt":"2015-08-09T16:23:37","guid":{"rendered":"http:\/\/www.r2cpress.com.br\/v1\/?p=95027"},"modified":"2015-08-09T13:23:37","modified_gmt":"2015-08-09T16:23:37","slug":"nao-conheco-aquele-pai","status":"publish","type":"post","link":"https:\/\/www.r2cpress.com.br\/v1\/2015\/08\/09\/nao-conheco-aquele-pai\/","title":{"rendered":"N\u00e3o conhe\u00e7o aquele PAI&#8230;"},"content":{"rendered":"<p><img loading=\"lazy\" class=\"alignleft\" src=\"http:\/\/www.r2cpress.com.br\/v1\/wp-content\/uploads\/Rabat-branco.jpg\" alt=\"\" width=\"300\" height=\"353\" \/>Venci a minha primeira noite. Agitado, inquieto, mas aguentei firme e na F\u00c9 que a SANTINHA n\u00e3o sairia de perto fui, na certeza disso, relaxando e dormi.<\/p>\n<p>Amanheci saudosista. Revivendo alguns momentos marcantes dessa \u00e9poca quando os meninos nem sabiam o que era presente faziam fila para a entrega. Depois de algum tempo lembrei da mesa que come\u00e7ava a ser organizada na quinta. Era um \u201cfutuqueiro\u201d quando da escolha das cadeiras e posi\u00e7\u00e3o na mesa. Hoje, aqueles pequenos j\u00e1 s\u00e3o pais e m\u00e3es e certamente estar\u00e3o fazendo o mesmo &#8211; seguindo, por assim dizer, &#8211; o exemplo de Uni\u00e3o que, na mesa, fecha a corrente como foi repetidas vezes mostrada, vivida&#8230;\u00a0 Aquela mesa ainda existe, mas com certeza ela est\u00e1, hoje, muito triste &#8230;<\/p>\n<p>Desci, abri o escrit\u00f3rio &#8211; onde est\u00e3o s\u00edmbolos e imagens &#8211; agradeci, fiz ora\u00e7\u00f5es e fiquei um bom tempo olhando pro nada. Lembrei das cenas l\u00e1 na UTI vi vidas \u201csaindo\u201d passando pro outro lado, vi recupera\u00e7\u00f5es &#8230; e volto a repetir: se determinadas pessoas passassem tr\u00eas dias, conscientes, em uma UTI o mundo seria outro.<\/p>\n<p>Tive na UTI agonia desespero, medo, pensamentos negativos e alucina\u00e7\u00f5es. N\u00e3o sabia de onde vinham, mas vivi a pior sensa\u00e7\u00e3o de toda a minha vida. Cuidaram com mais medicamentos e eu adormeci. As sucessivas crises de abstin\u00eancia dificultavam o andamento do tratamento. Com o passar do tempo os medicamentos come\u00e7aram a agir e fui, aos poucos, tomando consci\u00eancia das coisas e passei a ajudar. Parei de reclamar e encarar de frente quando percebi que o meu problema era muito pequeno se comparado ao do meu vizinho e da senhora da frente. Fiquei com vergonha, pedi desculpas para Deus por ter reclamado tanto, e fiquei somente com a depr\u00ea que com algumas bombas me botavam no rumo novamente &#8230;<\/p>\n<p>Sai da UTI na primeira vez e fui pro apartamento. Na v\u00e9spera da minha alta tive dois ataques de bact\u00e9rias em menos de 40 minutos. Meu cora\u00e7\u00e3o remendado e com as duas safenas completamente obstru\u00eddas aguentou. Voltei para a UTI e depois pro apartamento que somando os tempos de cada momento quase fecha 30 dias de confinamento.<\/p>\n<p>Depois de tantos medicamentos e mais 14 dias de antibi\u00f3tico finalmente tive alta na v\u00e9spera deste dia dos pais.<\/p>\n<p><!--more--><\/p>\n<p>Meu irm\u00e3ozinho Naldinho foi me buscar. Na sa\u00edda enquanto arrumavam as coisas no carro observei um andarilho, retirante n\u00e3o sei bem o que eles eram, mas me chamou aten\u00e7\u00e3o o cuidado dele segurando na m\u00e3o de uma crian\u00e7a de no m\u00e1ximo quatro anos de idade. Numa parada r\u00e1pida ele futucou num saco preto que estava encostado num port\u00e3o de ferro e seus olhos brilharam quando ele descobriu o que vi nitidamente: um hamb\u00farguer amassado falando um peda\u00e7o certamente de uma dentada de uma boca bem alimentada&#8230; Ele segurou com tanto cuidado que mais parecia um banquete. Sentou numa sombra, abriu o papel alum\u00ednio que embrulhava o p\u00e3o estendeu como se fosse uma toalha de renda e comia um pedacinho saboreando e dois peda\u00e7os para a crian\u00e7a que antes de engolir j\u00e1 estava com a m\u00e3o estendida querendo mais \u201cdizendo\u201d com aquele gesto que tinham um bom tempo sem comer. Terminada a \u2018saborosa\u2019 refei\u00e7\u00e3o limpou as m\u00e3os na cal\u00e7a surrada e com todo carinho do mundo, com a ponta da camisa tamb\u00e9m bem usada limpou a boca do pequeno menino. O homem olhou para um ponto qualquer, segurou na m\u00e3o da crian\u00e7a (certamente filho) e seguiram sem rumo, sem um destino, sem saber onde e quando chegar.<\/p>\n<p>N\u00e3o conhe\u00e7o aquele homem\/Pai, mas neste dia quero abra\u00e7ar todos os pais na figura daquela criatura que de todas as formas mostrou zelo, alegria no cuidar, na preocupa\u00e7\u00e3o em fazer aquela fome passar. Por algumas horas certamente ele conseguiu. N\u00e3o se sabe quando ele encontrar\u00e1 outro saco de lixo com um verdadeiro banquete dentro.<\/p>\n<p>Naldinho ligou o carro, dei uma olhadinha pro port\u00e3o do hospital, me benzi, agradeci a Deus por tudo e pedi pra que Ele cuidasse daquela dupla que me fez refletir sobre tantas reclama\u00e7\u00f5es que fa\u00e7o ao longo do dia, meses e anos. Com li\u00e7\u00f5es assim tenho melhorado e vou conseguir melhorar ainda mais, porque cada vez mais atento, vejo no dia a dia os recados e ensinamentos do nosso bom DEUS.<\/p>\n<p>Continuo em casa; entregue a medicamentos e pensamentos.<\/p>\n<p>Um grande bjo pra todos voc\u00eas, grato por tudo e fiquem com <strong>DEUS<\/strong> (Sempre!).<\/p>\n<p>Rabat.<\/p>\n","protected":false},"excerpt":{"rendered":"<p>Venci a minha primeira noite. Agitado, inquieto, mas aguentei firme e na F\u00c9 que a SANTINHA n\u00e3o sairia de perto fui, na certeza disso, relaxando e dormi. Amanheci saudosista. Revivendo alguns momentos marcantes dessa \u00e9poca quando os meninos nem sabiam o que era presente faziam fila para a entrega. Depois de algum tempo lembrei da [&hellip;]<\/p>\n","protected":false},"author":2,"featured_media":0,"comment_status":"open","ping_status":"open","sticky":false,"template":"","format":"standard","meta":{"_links_to":"","_links_to_target":""},"categories":[20],"tags":[],"_links":{"self":[{"href":"https:\/\/www.r2cpress.com.br\/v1\/wp-json\/wp\/v2\/posts\/95027"}],"collection":[{"href":"https:\/\/www.r2cpress.com.br\/v1\/wp-json\/wp\/v2\/posts"}],"about":[{"href":"https:\/\/www.r2cpress.com.br\/v1\/wp-json\/wp\/v2\/types\/post"}],"author":[{"embeddable":true,"href":"https:\/\/www.r2cpress.com.br\/v1\/wp-json\/wp\/v2\/users\/2"}],"replies":[{"embeddable":true,"href":"https:\/\/www.r2cpress.com.br\/v1\/wp-json\/wp\/v2\/comments?post=95027"}],"version-history":[{"count":3,"href":"https:\/\/www.r2cpress.com.br\/v1\/wp-json\/wp\/v2\/posts\/95027\/revisions"}],"predecessor-version":[{"id":95131,"href":"https:\/\/www.r2cpress.com.br\/v1\/wp-json\/wp\/v2\/posts\/95027\/revisions\/95131"}],"wp:attachment":[{"href":"https:\/\/www.r2cpress.com.br\/v1\/wp-json\/wp\/v2\/media?parent=95027"}],"wp:term":[{"taxonomy":"category","embeddable":true,"href":"https:\/\/www.r2cpress.com.br\/v1\/wp-json\/wp\/v2\/categories?post=95027"},{"taxonomy":"post_tag","embeddable":true,"href":"https:\/\/www.r2cpress.com.br\/v1\/wp-json\/wp\/v2\/tags?post=95027"}],"curies":[{"name":"wp","href":"https:\/\/api.w.org\/{rel}","templated":true}]}}