{"id":95040,"date":"2015-08-12T07:37:22","date_gmt":"2015-08-12T10:37:22","guid":{"rendered":"http:\/\/www.r2cpress.com.br\/v1\/?p=95040"},"modified":"2015-08-12T07:37:22","modified_gmt":"2015-08-12T10:37:22","slug":"serie-de-eventos-marca-o-mes-jorge-amado-de-cultura-e-arte","status":"publish","type":"post","link":"https:\/\/www.r2cpress.com.br\/v1\/2015\/08\/12\/serie-de-eventos-marca-o-mes-jorge-amado-de-cultura-e-arte\/","title":{"rendered":"S\u00e9rie de eventos marca o M\u00eas Jorge Amado de Cultura e Arte"},"content":{"rendered":"<p><img loading=\"lazy\" class=\"alignright\" src=\"http:\/\/www.ilheus.ba.gov.br\/upload\/img\/%7B34D774EE-ECA6-1ABA-ED0D-5EB5A03DA2DC%7D_350X230.jpg\" alt=\"\" width=\"350\" height=\"230\" \/>Entre os dias 10 e 28 de agosto, acontece o M\u00eas Jorge Amado de Cultura e Arte, em homenagem ao anivers\u00e1rio de nascimento &#8211; 10 de agosto, do escritor Jorge Amado. A programa\u00e7\u00e3o do evento inclui diversas atividades culturais para a cidade, que envolve m\u00fasica, literatura e teatro. O projeto \u00e9 realizado pela Prefeitura de Ilh\u00e9us, atrav\u00e9s da Secretaria de Cultura (Secult).<\/p>\n<p>As atividades art\u00edsticas, palestras, cursos e exposi\u00e7\u00f5es ser\u00e3o realizadas na Casa de Cultura Jorge Amado, na Biblioteca P\u00fablica Adonias Filho e em bairros e distritos do munic\u00edpio. Na abertura da programa\u00e7\u00e3o, nesta segunda-feira, 10, houve distribui\u00e7\u00e3o de livros em pra\u00e7as e pontos de \u00f4nibus. Desta forma, a iniciativa busca incentivar a leitura e valorizar a literatura regional, distribuindo obras de autores grapi\u00fanas.<\/p>\n<p>Na programa\u00e7\u00e3o, tamb\u00e9m ser\u00e3o realizados os Saraus Amado, na Pra\u00e7a do Cadete, no Outeiro S\u00e3o Sebasti\u00e3o, centro. A iniciativa \u00e9 da Associa\u00e7\u00e3o Filtro dos Sonhos, em parceria com a Secult, e contar\u00e1 com recital de poesias e apresenta\u00e7\u00f5es musicais de artistas da cidade.<\/p>\n<p>Semana &#8211;\u00a0Na segunda semana de homenagens, o projeto Biblioteca Itinerante levar\u00e1 aos bairros Banco da Vit\u00f3ria, Salobrinho e Santo Ant\u00f4nio as obras do escritor, oportunizando \u00e0 comunidade o contato com a literatura Amadiana. J\u00e1 o \u00f4nibus \u00c1guia da Cultura, projeto em parceria com a empresa de transportes \u00c1guia Branca, ser\u00e1 palco de apresenta\u00e7\u00f5es teatrais, musicais e de dan\u00e7a nos distritos do Banco do Pedro, Vila Juerana e Castelo Novo.<\/p>\n<p>Na \u00faltima semana da programa\u00e7\u00e3o, acontecer\u00e1 uma exposi\u00e7\u00e3o na Biblioteca P\u00fablica Municipal Adonias Filho com pe\u00e7as e artigos pessoais de Jorge Amado, oriundos da Casa do Rio Vermelho, em Salvador. Haver\u00e1 ainda oficinas de fotografia, ilustra\u00e7\u00e3o e de literatura, que percorrer\u00e3o o universo liter\u00e1rio de Jorge Amado e suas obras. Tamb\u00e9m ser\u00e3o realizadas oficinas de samba, dan\u00e7a afro e capoeira, valorizando assim a cultura afro-brasileira, citada diversas vezes nas obras do escritor.<\/p>\n<p>Jorge Amado\u00a0\u2013 Jorge Amado nasceu em 10 de agosto de 1912, na fazenda Auric\u00eddia, distrito de Ferradas, munic\u00edpio de Itabuna, sul da Bahia. Filho do cacauicultor Jo\u00e3o Amado de Faria e de dona Eul\u00e1lia Leal Amado, Jorge passou a inf\u00e2ncia e parte da adolesc\u00eancia em Ilh\u00e9us. A obra liter\u00e1ria de Jorge conheceu in\u00fameras adapta\u00e7\u00f5es para o cinema, teatro e televis\u00e3o, al\u00e9m de ter sido tema de escolas de samba em v\u00e1rias partes do Brasil.<\/p>\n<p>Os livros do escritor foram traduzidos para 49 idiomas, como tamb\u00e9m exemplares em braile e em formato de \u00e1udio-livro. Considerado pelo p\u00fablico e pela cr\u00edtica como um dos mais populares e importantes do pa\u00eds, o escritor baiano faleceu em Salvador, no dia 6 de agosto de 2001.<\/p>\n<p>&#8212;<\/p>\n<p>SECOM.<\/p>\n","protected":false},"excerpt":{"rendered":"<p>Entre os dias 10 e 28 de agosto, acontece o M\u00eas Jorge Amado de Cultura e Arte, em homenagem ao anivers\u00e1rio de nascimento &#8211; 10 de agosto, do escritor Jorge Amado. A programa\u00e7\u00e3o do evento inclui diversas atividades culturais para a cidade, que envolve m\u00fasica, literatura e teatro. O projeto \u00e9 realizado pela Prefeitura de [&hellip;]<\/p>\n","protected":false},"author":2,"featured_media":0,"comment_status":"open","ping_status":"open","sticky":false,"template":"","format":"standard","meta":{"_links_to":"","_links_to_target":""},"categories":[5,23],"tags":[],"_links":{"self":[{"href":"https:\/\/www.r2cpress.com.br\/v1\/wp-json\/wp\/v2\/posts\/95040"}],"collection":[{"href":"https:\/\/www.r2cpress.com.br\/v1\/wp-json\/wp\/v2\/posts"}],"about":[{"href":"https:\/\/www.r2cpress.com.br\/v1\/wp-json\/wp\/v2\/types\/post"}],"author":[{"embeddable":true,"href":"https:\/\/www.r2cpress.com.br\/v1\/wp-json\/wp\/v2\/users\/2"}],"replies":[{"embeddable":true,"href":"https:\/\/www.r2cpress.com.br\/v1\/wp-json\/wp\/v2\/comments?post=95040"}],"version-history":[{"count":1,"href":"https:\/\/www.r2cpress.com.br\/v1\/wp-json\/wp\/v2\/posts\/95040\/revisions"}],"predecessor-version":[{"id":95041,"href":"https:\/\/www.r2cpress.com.br\/v1\/wp-json\/wp\/v2\/posts\/95040\/revisions\/95041"}],"wp:attachment":[{"href":"https:\/\/www.r2cpress.com.br\/v1\/wp-json\/wp\/v2\/media?parent=95040"}],"wp:term":[{"taxonomy":"category","embeddable":true,"href":"https:\/\/www.r2cpress.com.br\/v1\/wp-json\/wp\/v2\/categories?post=95040"},{"taxonomy":"post_tag","embeddable":true,"href":"https:\/\/www.r2cpress.com.br\/v1\/wp-json\/wp\/v2\/tags?post=95040"}],"curies":[{"name":"wp","href":"https:\/\/api.w.org\/{rel}","templated":true}]}}