{"id":95044,"date":"2015-08-12T07:42:44","date_gmt":"2015-08-12T10:42:44","guid":{"rendered":"http:\/\/www.r2cpress.com.br\/v1\/?p=95044"},"modified":"2015-08-12T07:42:44","modified_gmt":"2015-08-12T10:42:44","slug":"policia-civil-inicia-curso-para-mais-de-800-aprovados-em-concurso","status":"publish","type":"post","link":"https:\/\/www.r2cpress.com.br\/v1\/2015\/08\/12\/policia-civil-inicia-curso-para-mais-de-800-aprovados-em-concurso\/","title":{"rendered":"Pol\u00edcia Civil inicia curso para mais de 800 aprovados em concurso"},"content":{"rendered":"<div>A aula inaugural que marca o in\u00edcio da prepara\u00e7\u00e3o de 823 convocados em concurso da Pol\u00edcia Civil reuniu alunos, professores e autoridades envolvidas na Seguran\u00e7a P\u00fablica do estado, na manh\u00e3 desta ter\u00e7a-feira (11), no Hotel Fiesta, no bairro do Itaigara, em Salvador. Eles ser\u00e3o preparados para integrar a for\u00e7a policial baiana, trabalhando como delegados, escriv\u00e3es e investigadores, no treinamento que est\u00e1 previsto para terminar em dezembro deste ano. Quando estiverem aptos, poder\u00e3o ser nomeados para as comarcas onde ir\u00e3o trabalhar.<\/div>\n<div><\/div>\n<div>No primeiro dia do Curso de Forma\u00e7\u00e3o da Academia da Pol\u00edcia Civil (Acadepol), depois de entoado o Hino Nacional e os alunos serem apresentados aos superiores, a aula ficou sob responsabilidade do secret\u00e1rio estadual da Seguran\u00e7a P\u00fablica, Maur\u00edcio Teles Barbosa, que considera o concurso um dos grandes investimentos para o estado.<\/div>\n<div><\/div>\n<div>Segundo Barbosa, os convocados come\u00e7am em um momento em que o Estado precisa intensificar mais o trabalho de intelig\u00eancia e de investiga\u00e7\u00e3o. \u201cA entrada desses novos profissionais vai refor\u00e7ar o efetivo, que n\u00e3o cresceu desde 1997, quando houve o \u00faltimo concurso. Com a certeza, vamos melhorar ainda mais a presta\u00e7\u00e3o de servi\u00e7os no interior, o combate ao narcotr\u00e1fico, as investiga\u00e7\u00f5es de homic\u00eddio, atua\u00e7\u00e3o das delegacias especializadas como a de aten\u00e7\u00e3o \u00e0s mulheres\u201d.<\/div>\n<div><\/div>\n<div>Os convocados preenchem as vagas de novos delegados, escriv\u00e3es e investigadores e ter\u00e3o aulas de segunda a sexta-feira, das 7h50 \u00e0s 18h, durante os quatro meses. A prepara\u00e7\u00e3o inclui a parte te\u00f3rica, que acontece na nova sede da Acadepol, localizado na Avenida Barros Reis, em Salvador, e ainda visitas t\u00e9cnicas e est\u00e1gio supervisionado, para que os aprovados obtenham a experi\u00eancia pr\u00e1tica antes de estarem aptos para a nomea\u00e7\u00e3o.<\/div>\n","protected":false},"excerpt":{"rendered":"<p>A aula inaugural que marca o in\u00edcio da prepara\u00e7\u00e3o de 823 convocados em concurso da Pol\u00edcia Civil reuniu alunos, professores e autoridades envolvidas na Seguran\u00e7a P\u00fablica do estado, na manh\u00e3 desta ter\u00e7a-feira (11), no Hotel Fiesta, no bairro do Itaigara, em Salvador. Eles ser\u00e3o preparados para integrar a for\u00e7a policial baiana, trabalhando como delegados, escriv\u00e3es [&hellip;]<\/p>\n","protected":false},"author":2,"featured_media":0,"comment_status":"open","ping_status":"open","sticky":false,"template":"","format":"standard","meta":{"_links_to":"","_links_to_target":""},"categories":[29,25],"tags":[],"_links":{"self":[{"href":"https:\/\/www.r2cpress.com.br\/v1\/wp-json\/wp\/v2\/posts\/95044"}],"collection":[{"href":"https:\/\/www.r2cpress.com.br\/v1\/wp-json\/wp\/v2\/posts"}],"about":[{"href":"https:\/\/www.r2cpress.com.br\/v1\/wp-json\/wp\/v2\/types\/post"}],"author":[{"embeddable":true,"href":"https:\/\/www.r2cpress.com.br\/v1\/wp-json\/wp\/v2\/users\/2"}],"replies":[{"embeddable":true,"href":"https:\/\/www.r2cpress.com.br\/v1\/wp-json\/wp\/v2\/comments?post=95044"}],"version-history":[{"count":1,"href":"https:\/\/www.r2cpress.com.br\/v1\/wp-json\/wp\/v2\/posts\/95044\/revisions"}],"predecessor-version":[{"id":95045,"href":"https:\/\/www.r2cpress.com.br\/v1\/wp-json\/wp\/v2\/posts\/95044\/revisions\/95045"}],"wp:attachment":[{"href":"https:\/\/www.r2cpress.com.br\/v1\/wp-json\/wp\/v2\/media?parent=95044"}],"wp:term":[{"taxonomy":"category","embeddable":true,"href":"https:\/\/www.r2cpress.com.br\/v1\/wp-json\/wp\/v2\/categories?post=95044"},{"taxonomy":"post_tag","embeddable":true,"href":"https:\/\/www.r2cpress.com.br\/v1\/wp-json\/wp\/v2\/tags?post=95044"}],"curies":[{"name":"wp","href":"https:\/\/api.w.org\/{rel}","templated":true}]}}