{"id":95064,"date":"2015-08-13T10:12:24","date_gmt":"2015-08-13T13:12:24","guid":{"rendered":"http:\/\/www.r2cpress.com.br\/v1\/?p=95064"},"modified":"2015-08-13T10:12:24","modified_gmt":"2015-08-13T13:12:24","slug":"evento-contribui-para-difusao-da-capoeira-em-ilheus","status":"publish","type":"post","link":"https:\/\/www.r2cpress.com.br\/v1\/2015\/08\/13\/evento-contribui-para-difusao-da-capoeira-em-ilheus\/","title":{"rendered":"Evento contribui para difus\u00e3o da Capoeira em Ilh\u00e9us"},"content":{"rendered":"<p align=\"center\"><i>Contemplado por edital da Secretaria Municipal de Cultura, o III Festival Ilheense de Capoeira foi realizado nos \u00faltimos dias 7 a 9, pela Associa\u00e7\u00e3o de Grupos de Capoeira, Arte e Cultura Afro-brasileira (ACACAB)<\/i><\/p>\n<p><b>\u00a0<\/b>Contemplado pelo programa de fomento\u00a0Calend\u00e1rio da Capoeira, iniciativa da Secretaria Municipal de Cultura de Ilh\u00e9us (Secult) com recursos do Fundo Municipal de Cultura, o III Festival Ilheense de Capoeira foi realizado nos \u00faltimos dias 7 a 9, pela Associa\u00e7\u00e3o de Grupos de Capoeira, Arte e Cultura Afro-brasileira (ACACAB). A iniciativa que tem como objetivo oportunizar \u00e0 popula\u00e7\u00e3o ilheense maior acesso a esse tipo de manifesta\u00e7\u00e3o art\u00edstica.<\/p>\n<p>O festival tem como objetivo difundir e valorizar a cultura afro-brasileira atrav\u00e9s de oficinas gratuitas, al\u00e9m de mostrar a capoeira nos seus variados aspectos, e assim fortalecer os movimentos culturais dentro do munic\u00edpio e regi\u00e3o. Na sexta-feira, dia 7, o evento aconteceu no Col\u00e9gio Vit\u00f3ria, na Rodovia Ilh\u00e9us-Oliven\u00e7a. A programa\u00e7\u00e3o contou com apresenta\u00e7\u00e3o de dan\u00e7a afro e macul\u00eal\u00ea, roda de capoeira, batizado e troca de cord\u00e9is.<\/p>\n<p>No s\u00e1bado, dia 8, o evento ocorreu na Praia da Avenida Soares Lopes, Centro, com arrasto de canoa, varae tarrafa. Logo em seguida, com concentra\u00e7\u00e3o na Pra\u00e7a Pedro Matos, em frente ao Teatro Municipal de Ilh\u00e9us, houve apresenta\u00e7\u00e3o de roda de capoeira.<\/p>\n<p>A partir das 15h, no Col\u00e9gio Lu\u00eds Eduardo Magalh\u00e3es, na Avenida Esperan\u00e7a, foram ministradas diversas oficinas e a realizada mesa redonda composta pelos mestres de capoeiras presentes. No domingo, \u00faltimo dia do evento, aconteceram, no audit\u00f3rio da unidade escolar, apresenta\u00e7\u00f5es culturais, batizado e troca de cord\u00e9is do 13\u00ba do Grupo Arte Mal\u00ea e do 4\u00ba Grupo Alian\u00e7a de Ouro.<\/p>\n","protected":false},"excerpt":{"rendered":"<p>Contemplado por edital da Secretaria Municipal de Cultura, o III Festival Ilheense de Capoeira foi realizado nos \u00faltimos dias 7 a 9, pela Associa\u00e7\u00e3o de Grupos de Capoeira, Arte e Cultura Afro-brasileira (ACACAB) \u00a0Contemplado pelo programa de fomento\u00a0Calend\u00e1rio da Capoeira, iniciativa da Secretaria Municipal de Cultura de Ilh\u00e9us (Secult) com recursos do Fundo Municipal de [&hellip;]<\/p>\n","protected":false},"author":2,"featured_media":0,"comment_status":"open","ping_status":"open","sticky":false,"template":"","format":"standard","meta":{"_links_to":"","_links_to_target":""},"categories":[23],"tags":[],"_links":{"self":[{"href":"https:\/\/www.r2cpress.com.br\/v1\/wp-json\/wp\/v2\/posts\/95064"}],"collection":[{"href":"https:\/\/www.r2cpress.com.br\/v1\/wp-json\/wp\/v2\/posts"}],"about":[{"href":"https:\/\/www.r2cpress.com.br\/v1\/wp-json\/wp\/v2\/types\/post"}],"author":[{"embeddable":true,"href":"https:\/\/www.r2cpress.com.br\/v1\/wp-json\/wp\/v2\/users\/2"}],"replies":[{"embeddable":true,"href":"https:\/\/www.r2cpress.com.br\/v1\/wp-json\/wp\/v2\/comments?post=95064"}],"version-history":[{"count":1,"href":"https:\/\/www.r2cpress.com.br\/v1\/wp-json\/wp\/v2\/posts\/95064\/revisions"}],"predecessor-version":[{"id":95065,"href":"https:\/\/www.r2cpress.com.br\/v1\/wp-json\/wp\/v2\/posts\/95064\/revisions\/95065"}],"wp:attachment":[{"href":"https:\/\/www.r2cpress.com.br\/v1\/wp-json\/wp\/v2\/media?parent=95064"}],"wp:term":[{"taxonomy":"category","embeddable":true,"href":"https:\/\/www.r2cpress.com.br\/v1\/wp-json\/wp\/v2\/categories?post=95064"},{"taxonomy":"post_tag","embeddable":true,"href":"https:\/\/www.r2cpress.com.br\/v1\/wp-json\/wp\/v2\/tags?post=95064"}],"curies":[{"name":"wp","href":"https:\/\/api.w.org\/{rel}","templated":true}]}}