{"id":95066,"date":"2015-08-13T11:50:51","date_gmt":"2015-08-13T14:50:51","guid":{"rendered":"http:\/\/www.r2cpress.com.br\/v1\/?p=95066"},"modified":"2015-08-13T11:50:51","modified_gmt":"2015-08-13T14:50:51","slug":"heckel-januario-em-umas-e-outras-inusitadas-da-cidade-xix","status":"publish","type":"post","link":"https:\/\/www.r2cpress.com.br\/v1\/2015\/08\/13\/heckel-januario-em-umas-e-outras-inusitadas-da-cidade-xix\/","title":{"rendered":"Heckel Janu\u00e1rio em: UMAS E OUTRAS INUSITADAS DA CIDADE (XIX)"},"content":{"rendered":"<h2 style=\"text-align: center;\"><strong>(NOTAS DE BELMONTE &#8211; \u2018BEBEL\u2019 PARA OS MAIS CHEGADOS)<\/strong><\/h2>\n<p><img loading=\"lazy\" class=\"alignleft\" src=\"http:\/\/www.r2cpress.com.br\/v1\/wp-content\/uploads\/HECKEL-NOVA.jpg\" alt=\"\" width=\"300\" height=\"129\" \/> Nos dois primeiros dec\u00eanios do s\u00e9culo XX uma rixa das mais violentas, entre duas fac\u00e7\u00f5es pol\u00edticas chamadas de Marimbondos e Morcegos, dominava Bebel.<\/p>\n<p>Exp\u00f5e o fato o t\u00f3pico explicativo \u201cIararana ou o Modernismo visto do Quintal _ Um roteiro de leitura\u201d do cr\u00edtico liter\u00e1rio Jos\u00e9 Paulo Paes sobre Iararana, poema narrativo de Sos\u00edgenes Costa. Tal excerto encontra-se nas p\u00e1ginas 419\/420 e 422 de Poesia Completa, livro lan\u00e7ado em 2001 pela Prefeitura de Ilh\u00e9us, em homenagem ao centen\u00e1rio do referido poeta. Sim, Sos\u00edgenes simpatizava com os Marimbondos.<\/p>\n<p>De Emilio Suzart, \u00a0\u00a0\u00a0\u00a0\u00a0\u00a0\u00a0\u00a0 um amigo da beira itapebiense do Jequitinhonha, um recente e-mail, como a cutucar o prosseguimento destas \u201cNotas&#8230;\u201d, relata \u2013fruto de pesquisa\u2013 que tal disputa pol\u00edtica refletia fortemente nas filarm\u00f4nicas da cidade: \u00a0Lyra Popular, adeptos dos Morcegos; 15 de Setembro, dos Marimbondos.<\/p>\n<p><!--more--><\/p>\n<p>E o envolvimento delas era t\u00e3o grande que no ano de 1919, conta-se que Alfredo Matos, intendente municipal e um ferrenho adepto da 15 de Setembro n\u00e3o hesita em mandar armar 42 homens de faca, fac\u00e3o, cassetete e cravinote (Bebel \u00e0 \u00e9poca era conhecida como \u201cTerra dos Clavinoteiros\u201d) para espancar e amea\u00e7ar partid\u00e1rios da Lyra Popular, em especial os seus m\u00fasicos. Nesse cen\u00e1rio de paix\u00e3o partid\u00e1ria desenfreada n\u00e3o se poupava ningu\u00e9m, nem mesmo o idoso \u2013 pai do m\u00fasico Felismino Ferreira da Silva\u2013 seu Avelino, espancado, visto o grupo n\u00e3o haver encontrado o filho. Inevit\u00e1veis rea\u00e7\u00f5es tiveram curso com o preju\u00edzo da cidade a viver num fogo cruzado. Os que assim procediam eram jurados de morte. Foi o caso do ent\u00e3o presidente da Lyra, Arist\u00f3teles Duarte, v\u00edtima de uma emboscada perto da padaria Brasil de sua propriedade e que se salvara \u2013depois de intensa troca de tiros com os atiradores da pol\u00edtica dominante\u2013 por puro aborto de sorte. Outro da lista, o Juli\u00e3o S\u00e3o Pedro, encontrava-se foragido. Sobrara para Zeferino, um seu s\u00f3sia e \u2018bi bemor\u2019, igualmente integrante da sociedade filarm\u00f4nica simpatizante dos Morcegos. Mataram-no com dois disparos nas costas.<\/p>\n<p>O curioso \u00e9 que Esmero Martins, regente da Lyra (a entidade fora fundada em 1914 como uma continuidade \u2013 como inserido no Umas XVII\/XVIII \u2013 da Bonfim, seguidora fiel dos citados mam\u00edferos), mesmo meio a todo \u201ctiroteio\u201d, teve calma para se apaixonar por Argentina Lopes, famosa e bonita atriz que excursionava pelas bandas de Bebel e, juntos, viajarem para a Europa e n\u00e3o mais voltar. Na comunidade belmontense esses acontecimentos ficaram conhecidos como \u201cO Bando dos 42\u201d. (Trechos baseados no op\u00fasculo \u201cFilarm\u00f4nica Lyra Popular de Belmonte\u201d publicado em 1992 pelas belmontense Ariadne Rocha e Maria Adalcy)<\/p>\n<p>Temos tamb\u00e9m de Emilio que Sos\u00edgenes Costa fora \u201cnomeado Regente de Terceira Classe em 31\/07\/1924 para lecionar em Pedra Branca (conforme Livro de Registro de Portarias da Intend\u00eancia Municipal) \u201d. Instigante exposi\u00e7\u00e3o \u2013para os interessados fu\u00e7arem se fora s\u00f3 quest\u00e3o de datas\u2013, haja vista Paulo Paes \u00e0 p\u00e1gina 414 da Poesia Completa, na citada an\u00e1lise de Iararana registrar o vate belmontense ter sa\u00eddo para Ilh\u00e9us aos 19 anos de idade.<\/p>\n<p>Finalizando estas \u201cNotas&#8230;\u201d n\u00e3o poder\u00edamos deixar de constar que a Lyra Popular este ano de 2015 mais uma vez (uma em 2012) a convite \u2013 dez filarm\u00f4nicas foram convidadas \u2013 do governo estadual e com o apoio municipal, participara com muito brilho dos festejos do 2 de Julho em Salvador. Data esta que pode ser entendida como a mais c\u00edvica de todas, por ser a da Independ\u00eancia do Brasil, realmente.<\/p>\n<p>Heckel Janu\u00e1rio<\/p>\n","protected":false},"excerpt":{"rendered":"<p>(NOTAS DE BELMONTE &#8211; \u2018BEBEL\u2019 PARA OS MAIS CHEGADOS) Nos dois primeiros dec\u00eanios do s\u00e9culo XX uma rixa das mais violentas, entre duas fac\u00e7\u00f5es pol\u00edticas chamadas de Marimbondos e Morcegos, dominava Bebel. Exp\u00f5e o fato o t\u00f3pico explicativo \u201cIararana ou o Modernismo visto do Quintal _ Um roteiro de leitura\u201d do cr\u00edtico liter\u00e1rio Jos\u00e9 Paulo [&hellip;]<\/p>\n","protected":false},"author":2,"featured_media":0,"comment_status":"open","ping_status":"open","sticky":false,"template":"","format":"standard","meta":{"_links_to":"","_links_to_target":""},"categories":[10],"tags":[],"_links":{"self":[{"href":"https:\/\/www.r2cpress.com.br\/v1\/wp-json\/wp\/v2\/posts\/95066"}],"collection":[{"href":"https:\/\/www.r2cpress.com.br\/v1\/wp-json\/wp\/v2\/posts"}],"about":[{"href":"https:\/\/www.r2cpress.com.br\/v1\/wp-json\/wp\/v2\/types\/post"}],"author":[{"embeddable":true,"href":"https:\/\/www.r2cpress.com.br\/v1\/wp-json\/wp\/v2\/users\/2"}],"replies":[{"embeddable":true,"href":"https:\/\/www.r2cpress.com.br\/v1\/wp-json\/wp\/v2\/comments?post=95066"}],"version-history":[{"count":2,"href":"https:\/\/www.r2cpress.com.br\/v1\/wp-json\/wp\/v2\/posts\/95066\/revisions"}],"predecessor-version":[{"id":95068,"href":"https:\/\/www.r2cpress.com.br\/v1\/wp-json\/wp\/v2\/posts\/95066\/revisions\/95068"}],"wp:attachment":[{"href":"https:\/\/www.r2cpress.com.br\/v1\/wp-json\/wp\/v2\/media?parent=95066"}],"wp:term":[{"taxonomy":"category","embeddable":true,"href":"https:\/\/www.r2cpress.com.br\/v1\/wp-json\/wp\/v2\/categories?post=95066"},{"taxonomy":"post_tag","embeddable":true,"href":"https:\/\/www.r2cpress.com.br\/v1\/wp-json\/wp\/v2\/tags?post=95066"}],"curies":[{"name":"wp","href":"https:\/\/api.w.org\/{rel}","templated":true}]}}