{"id":95095,"date":"2015-08-14T11:31:41","date_gmt":"2015-08-14T14:31:41","guid":{"rendered":"http:\/\/www.r2cpress.com.br\/v1\/?p=95095"},"modified":"2015-08-14T11:31:41","modified_gmt":"2015-08-14T14:31:41","slug":"100-anos-da-paroquia-sao-joao-batista-pontal-ilheus-ba","status":"publish","type":"post","link":"https:\/\/www.r2cpress.com.br\/v1\/2015\/08\/14\/100-anos-da-paroquia-sao-joao-batista-pontal-ilheus-ba\/","title":{"rendered":"100 anos da Par\u00f3quia S\u00e3o Jo\u00e3o Batista &#8211; Pontal &#8211; Ilh\u00e9us &#8211; Ba"},"content":{"rendered":"<div>Paz e alegria!<\/div>\n<div><\/div>\n<div>Em vista das comemora\u00e7\u00f5es do centen\u00e1rio da cria\u00e7\u00e3o da par\u00f3quia S\u00e3o Jo\u00e3o Batista no Pontal em Ilh\u00e9us, desejamos contar com a vossa participa\u00e7\u00e3o nesta festividade.<\/div>\n<div>Salientamos que a comemora\u00e7\u00e3o se dar\u00e1 durante a Semana Jubilar, que vai de 22 a 29 de agosto de 2015.<\/div>\n<div>Acontecer\u00e3o v\u00e1rios eventos religiosos e culturais, tais como: Missas, exposi\u00e7\u00f5es, b\u00ean\u00e7\u00e3os, bandas cat\u00f3licas, filarm\u00f4nicas, orquestras, dentre outros.<\/div>\n<div><b><span style=\"text-decoration: underline;\">O Dia Solene ser\u00e1 S\u00e1bado, 29\u00a0 \u00e0s 19:00 horas<\/span><\/b><\/div>\n<div><b>Missa Solene Jubilar<\/b><\/div>\n<div>Presid\u00eancia: Dom Mauro Montagnolli<\/div>\n<div>Homenagens \u00e0s Par\u00f3quias co-irm\u00e3s:<\/div>\n<div>\u00a0Arataca, Oliven\u00e7a e Una.<\/div>\n<div>Homenagens \u00e0s Par\u00f3quias filhas: S\u00e3o Francisco e Nossa Senhora Das Vit\u00f3rias.<\/div>\n<div>Homenagens \u00e0s Comunidades que pertenceram a Par\u00f3quia S\u00e3o Jo\u00e3o Batista: Barro Branco, B\u00fazios, Santo Antonio, Santa Luzia, Rio do Engenho, S\u00edtio Sant\u00edssima Trindade, Couto, Repartimento, Ilh\u00e9us II e Nossa Senhora Aparecida<\/div>\n<div><b>Show: Banda Ebrom (Vit\u00f3ria ES)<\/b><\/div>\n<div><\/div>\n<div>Acompanhe pelo facebook as novidades e not\u00edcias do centen\u00e1rio: <a href=\"http:\/\/facebook.com\/saojoaobatistapontal\" target=\"_blank\">facebook.com\/<wbr><\/wbr>saojoaobatistapontal<\/a><\/div>\n<div>Anexo o convite, cartaz e programa\u00e7\u00e3o das bandas.<\/div>\n<div>No aguardo de vossa participa\u00e7\u00e3o,<\/div>\n<div>Comiss\u00e3o de comunica\u00e7\u00e3o<\/div>\n","protected":false},"excerpt":{"rendered":"<p>Paz e alegria! Em vista das comemora\u00e7\u00f5es do centen\u00e1rio da cria\u00e7\u00e3o da par\u00f3quia S\u00e3o Jo\u00e3o Batista no Pontal em Ilh\u00e9us, desejamos contar com a vossa participa\u00e7\u00e3o nesta festividade. Salientamos que a comemora\u00e7\u00e3o se dar\u00e1 durante a Semana Jubilar, que vai de 22 a 29 de agosto de 2015. Acontecer\u00e3o v\u00e1rios eventos religiosos e culturais, tais [&hellip;]<\/p>\n","protected":false},"author":2,"featured_media":0,"comment_status":"open","ping_status":"open","sticky":false,"template":"","format":"standard","meta":{"_links_to":"","_links_to_target":""},"categories":[10],"tags":[],"_links":{"self":[{"href":"https:\/\/www.r2cpress.com.br\/v1\/wp-json\/wp\/v2\/posts\/95095"}],"collection":[{"href":"https:\/\/www.r2cpress.com.br\/v1\/wp-json\/wp\/v2\/posts"}],"about":[{"href":"https:\/\/www.r2cpress.com.br\/v1\/wp-json\/wp\/v2\/types\/post"}],"author":[{"embeddable":true,"href":"https:\/\/www.r2cpress.com.br\/v1\/wp-json\/wp\/v2\/users\/2"}],"replies":[{"embeddable":true,"href":"https:\/\/www.r2cpress.com.br\/v1\/wp-json\/wp\/v2\/comments?post=95095"}],"version-history":[{"count":1,"href":"https:\/\/www.r2cpress.com.br\/v1\/wp-json\/wp\/v2\/posts\/95095\/revisions"}],"predecessor-version":[{"id":95096,"href":"https:\/\/www.r2cpress.com.br\/v1\/wp-json\/wp\/v2\/posts\/95095\/revisions\/95096"}],"wp:attachment":[{"href":"https:\/\/www.r2cpress.com.br\/v1\/wp-json\/wp\/v2\/media?parent=95095"}],"wp:term":[{"taxonomy":"category","embeddable":true,"href":"https:\/\/www.r2cpress.com.br\/v1\/wp-json\/wp\/v2\/categories?post=95095"},{"taxonomy":"post_tag","embeddable":true,"href":"https:\/\/www.r2cpress.com.br\/v1\/wp-json\/wp\/v2\/tags?post=95095"}],"curies":[{"name":"wp","href":"https:\/\/api.w.org\/{rel}","templated":true}]}}